
{"id":1888,"date":"2024-07-25T09:20:50","date_gmt":"2024-07-25T07:20:50","guid":{"rendered":"https:\/\/www.whydontdo.it\/studiolegaledaneluzzi\/?p=1888"},"modified":"2025-09-16T09:27:54","modified_gmt":"2025-09-16T07:27:54","slug":"prelazione-artistica","status":"publish","type":"post","link":"https:\/\/www.whydontdo.it\/studiolegaledaneluzzi\/prelazione-artistica\/","title":{"rendered":"TAR e Consiglio di Stato ci danno ragione contro P.A. del Comune di Mogliano su Prelazione Artistica"},"content":{"rendered":"\n<p class=\"wp-block-paragraph\">Vi vogliamo orgogliosamente parlare di un <strong>nuovo importante <a href=\"https:\/\/www.whydontdo.it\/studiolegaledaneluzzi\/category\/successi\/\">successo<\/a> conseguito dallo Studio<\/strong> nel ricorso seguito assieme al <a href=\"https:\/\/zaninmarton.it\/lo-studio\/\" target=\"_blank\" rel=\"noreferrer noopener\">collega Avv. Giancarlo Zanin<\/a>. Ci siamo occupati di una situazione amministrativistica un po&#8217; di nicchia, ma <strong>molto importante per chi vi \u00e8 coinvolto!<\/strong><br>Si tratta del <em>diritto di prelazione artistica<\/em>: ne avete mai sentito parlare? Spieghiamo tutto nell&#8217;articolo.<\/p>\n\n\n\n<p class=\"yoast-reading-time__wrapper\"><span class=\"yoast-reading-time__icon\"><svg aria-hidden=\"true\" focusable=\"false\" data-icon=\"clock\" width=\"20\" height=\"20\" fill=\"none\" stroke=\"currentColor\" style=\"display:inline-block;vertical-align:-0.1em\" role=\"img\" xmlns=\"http:\/\/www.w3.org\/2000\/svg\" viewBox=\"0 0 24 24\"><path stroke-linecap=\"round\" stroke-linejoin=\"round\" stroke-width=\"2\" d=\"M12 8v4l3 3m6-3a9 9 0 11-18 0 9 9 0 0118 0z\"><\/path><\/svg><\/span><span class=\"yoast-reading-time__spacer\" style=\"display:inline-block;width:1em\"><\/span><span class=\"yoast-reading-time__descriptive-text\">Tempo di lettura:  <\/span><span class=\"yoast-reading-time__reading-time\">7<\/span><span class=\"yoast-reading-time__time-unit\"> minuti<\/span><\/p>\n\n\n\n<div class=\"wp-block-yoast-seo-table-of-contents yoast-table-of-contents\"><h2>Argomenti trattati<\/h2><ul><li><a href=\"#prelazione-artistica-definizione\" data-level=\"2\">Prelazione artistica : di cosa si tratta?<\/a><ul><li><a href=\"#limiti-all-esercizio\" data-level=\"3\">I limiti all&#8217;esercizio della prelazione artistica<\/a><\/li><li><a href=\"#h-la-mera-finalita-proprietaria\" data-level=\"3\">La mera finalit\u00e0 proprietaria<\/a><\/li><li><a href=\"#h-il-limite-al-potere-autoritativo\" data-level=\"3\">Il limite al potere autoritativo<\/a><\/li><\/ul><\/li><li><a href=\"#la-sentenza\" data-level=\"2\">La sentenza vittoriosa sulla prelazione artistica<\/a><\/li><li><a href=\"#particolarita-del-caso\" data-level=\"2\">La particolarit\u00e0 del caso esaminato dal TAR Veneto<\/a><\/li><li><a href=\"#h-aggiornamento-luglio-2024-anche-il-consiglio-di-stato-ci-da-ragione\" data-level=\"2\">Aggiornamento luglio 2024: anche il Consiglio di Stato ci da ragione!<\/a><\/li><li><a href=\"#h-a-chi-rivolgersi-per-questioni-simili\" data-level=\"2\">A chi rivolgersi per questioni simili?<\/a><\/li><\/ul><\/div>\n\n\n\n<h2 class=\"wp-block-heading\" id=\"prelazione-artistica-definizione\"><em>Prelazione artistica<\/em>: di cosa si tratta?<\/h2>\n\n\n\n<p class=\"wp-block-paragraph\">Vediamo i riferimenti normativi. La <strong>prelazione artistica<\/strong> \u00e8 il diritto dello Stato, ma anche dei Comuni, delle Province eccetera, di <strong>acquisire un bene artistico e culturale di un privato<\/strong>, se questi lo sta cedendo.<\/p>\n\n\n\n<p class=\"wp-block-paragraph\">Di fatto si tratta di una <em>espropriazione per motivi di tutela e valorizzazione del patrimonio artistico<\/em> culturale. Infatti esiste una legge dello Stato, il cosiddetto <a href=\"https:\/\/www.normattiva.it\/uri-res\/N2Ls?urn:nir:stato:decreto.legislativo:2004-01-22;42\" target=\"_blank\" rel=\"noreferrer noopener\"><strong>Codice dei beni culturali<\/strong> <\/a>(Dlgs.n.42\/2004), che conferisce alla pubblica amministrazione il diritto di esercitare la prelazione sui trasferimenti di beni culturali.<\/p>\n\n\n\n<p class=\"wp-block-paragraph\">L&#8217;art.60 del Codice prevede appunto che lo Stato possa inserirsi in una cessione di un bene culturale ed <strong>acquistarlo allo stesso prezzo <\/strong>a cui era stata concordata la cessione tra privati.<\/p>\n\n\n\n<p class=\"wp-block-paragraph\">Preliminarmente a questo diritto, <strong>il privato prima di completare la vendita deve darne notizia al Ministero dei beni culturali<\/strong> (ex art. 59). Si tratta di un <strong>obbligo di denuncia<\/strong>.<br><strong>Obbligo che incombe anche su eventuali eredi <\/strong>che esercitino l&#8217;accettazione di una eredit\u00e0 della quale facciano parte beni culturali.<\/p>\n\n\n\n<h3 class=\"wp-block-heading\" id=\"limiti-all-esercizio\">I limiti all&#8217;esercizio della <em>prelazione artistica<\/em><\/h3>\n\n\n\n<p class=\"wp-block-paragraph\">Come tutti i provvedimenti amministrativi, anche la <em>prelazione artistica<\/em> deve essere motivata.<br>La pubblica amministrazione deve cio\u00e8 <strong>motivare il provvedimento con cui decide di esercitare<\/strong> il <em>diritto di prelazione artistica<\/em>.<br>Il Consiglio di Stato ha chiarito da molto tempo che, nel caso della prelazione artistica, la motivazione deve essere <strong>particolarmente pregnante<\/strong>.<\/p>\n\n\n\n<blockquote class=\"wp-block-quote is-style-large is-layout-flow wp-block-quote-is-layout-flow\">\n<p class=\"wp-block-paragraph\">L\u2019amministrazione deve dare conto di cosa intende fare con il bene che intende espropriare<\/p>\n<\/blockquote>\n\n\n\n<p class=\"wp-block-paragraph\">E nel caso specifico, deve indicare quale sia il <strong>progetto di valorizzazione culturale<\/strong> che intende attuare sul bene che acquisir\u00e0.<br>Insomma, <strong>la PA non pu\u00f2 limitarsi ad acquistare<\/strong> perch\u00e9 ritiene che sia meglio che quel bene sia gestito dal pubblico. <strong>Deve specificare quale programma di valorizzazione<\/strong> intende attuare.<\/p>\n\n\n\n<h3 class=\"wp-block-heading\" id=\"h-la-mera-finalita-proprietaria\">La mera <em>finalit\u00e0 proprietaria<\/em><\/h3>\n\n\n\n<p class=\"wp-block-paragraph\"><strong>Non \u00e8 invece consentito allo Stato espropriare un bene culturale di privati semplicemente per tenerselo<\/strong>, o per svolgerci attivit\u00e0 che si potrebbero esercitare anche tramite altri beni.<\/p>\n\n\n\n<p class=\"wp-block-paragraph\">Nel caso oggetto della sentenza, il Comune voleva destinare parte dell&#8217;immobile a farne sedi di associazioni culturali locali. Ma quella indicata \u00e8 una mera <em>finalit\u00e0 proprietaria<\/em>, non un programma di valorizzazione specificatamente culturale dell&#8217;immobile.<\/p>\n\n\n\n<p class=\"wp-block-paragraph\">Altro caso sarebbe, ad esempio, acquisire un immobile culturale per restaurarlo e renderlo un museo. Nel caso in esame, abbiamo evidenziato tra gli altri questo <strong>grave vizio di motivazione del provvedimento e il TAR &#8211; ed oggi anche il Consiglio di Stato &#8211; ci ha dato ragione<\/strong>.<\/p>\n\n\n\n<h3 class=\"wp-block-heading\" id=\"h-il-limite-al-potere-autoritativo\">Il limite al potere autoritativo<\/h3>\n\n\n\n<p class=\"wp-block-paragraph\">In sostanza, ribadisce il TAR Veneto, la prelazione artistica costituisce l&#8217;esercizio di un potere autoritativo di carattere discrezionale, che deve esplicitare le ragioni di interesse pubblico che lo sorreggono.<\/p>\n\n\n\n<p class=\"wp-block-paragraph\">Questo significa che <strong>il potere autoritativo discrezionale esercitato dalla pubblica amministrazione non \u00e8 mai totalmente libero<\/strong>, ma deve rispondere a dei requisiti precisi. Altrimenti non \u00e8 legittimo, ma \u00e8 un <em>arbitrio<\/em> e come tale pu\u00f2 esserne chiesto l&#8217;annullamento al Tribunale Amministrativo.<\/p>\n\n\n\n<p class=\"wp-block-paragraph\">Insomma: <strong><em>potere discrezionale<\/em> non significa arbitrario<\/strong>! Questo \u00e8 un principio estremamente importante del <em>diritto amministrativo<\/em>, e vale in realt\u00e0 per tutte le situazioni in cui una amministrazione esercita un potere che le \u00e8 conferito dalla legge, non solo per la prelazione artistica.<\/p>\n\n\n\n<div class=\"wp-block-cover wp-duotone-unset-3\"><span aria-hidden=\"true\" class=\"wp-block-cover__background has-contrast-background-color has-background-dim-60 has-background-dim\"><\/span><img loading=\"lazy\" decoding=\"async\" width=\"699\" height=\"494\" class=\"wp-block-cover__image-background wp-image-1925\" alt=\"Tar-del-Veneto sul Diritto di prelazione artistica - Studio legale Daneluzzi - diritto amministrativo - avvocato amministrativista - Treviso - Venezia\" src=\"https:\/\/www.whydontdo.it\/studiolegaledaneluzzi\/wp-content\/uploads\/sites\/7\/2023\/05\/Tar-del-Veneto-Studio-legale-Daneluzzi-diritto-amministrativo-avvocato-amministrativista-Treviso-Venezia.jpeg\" data-object-fit=\"cover\" srcset=\"https:\/\/www.whydontdo.it\/studiolegaledaneluzzi\/wp-content\/uploads\/sites\/7\/2023\/05\/Tar-del-Veneto-Studio-legale-Daneluzzi-diritto-amministrativo-avvocato-amministrativista-Treviso-Venezia.jpeg 699w, https:\/\/www.whydontdo.it\/studiolegaledaneluzzi\/wp-content\/uploads\/sites\/7\/2023\/05\/Tar-del-Veneto-Studio-legale-Daneluzzi-diritto-amministrativo-avvocato-amministrativista-Treviso-Venezia-300x212.jpeg 300w, https:\/\/www.whydontdo.it\/studiolegaledaneluzzi\/wp-content\/uploads\/sites\/7\/2023\/05\/Tar-del-Veneto-Studio-legale-Daneluzzi-diritto-amministrativo-avvocato-amministrativista-Treviso-Venezia-150x106.jpeg 150w\" sizes=\"auto, (max-width: 699px) 100vw, 699px\" \/><div class=\"wp-block-cover__inner-container is-layout-flow wp-block-cover-is-layout-flow\">\n<h2 class=\"wp-block-heading\" id=\"la-sentenza\">La sentenza vittoriosa sulla <em>prelazione artistica<\/em><\/h2>\n\n\n\n<p class=\"has-base-3-color has-text-color has-link-color wp-elements-1 wp-block-paragraph\"><strong>Il Tar Veneto, con la sentenza n. 661 del 17.05.2023, ha accolto integralmente il <a href=\"https:\/\/www.whydontdo.it\/studiolegaledaneluzzi\/avvocato-cassazionista\/\">ricorso<\/a><\/strong> che abbiamo presentato a tutela di due clienti comproprietari in comunione ereditaria di un immobile su cui insiste un <strong>vincolo culturale<\/strong>, facendo parte di un <em>complesso abbaziale<\/em> molto antico.<\/p>\n\n\n\n<p class=\"wp-block-paragraph\">I clienti avevano deciso di spartirsi gli immobili attraverso delle permute reciproche, cos\u00ec da divenire proprietari esclusivi di specifici beni immobili. Il notaio aveva dunque correttamente effettuato la denuncia dell&#8217;operazione al Ministero, come prescritto dall&#8217;<strong>art.59 Dlgs.n.42\/04<\/strong>, e il <strong>Comune di Mogliano Veneto<\/strong> aveva notificato l&#8217;esercizio del potere di prelazione sul trasferimento dell&#8217;immobile vincolato.<\/p>\n\n\n\n<p class=\"wp-block-paragraph\">Abbiamo presentato ricorso al TAR e siamo dapprima subito riusciti a far sospendere in via cautelare urgente il provvedimento amministrativo. In seguito, <strong>nel giro di soli 6 mesi<\/strong>, abbiamo riportato la grande vittoria dell&#8217;accoglimento totale del ricorso.<\/p>\n\n\n\n<blockquote class=\"wp-block-quote is-style-large is-layout-flow wp-block-quote-is-layout-flow\">\n<p class=\"wp-block-paragraph\">il TAR Veneto ha accolto tutti i motivi di impugnazione che avevamo evidenziato nel ricorso, e ha annullato la prelazione esercitata dal Comune, condannandolo anche a rifondere ai clienti le spese di lite.<\/p>\n\n\n\n<div class=\"wp-block-buttons is-content-justification-center is-layout-flex wp-container-core-buttons-is-layout-fe48e5de wp-block-buttons-is-layout-flex\">\n<div class=\"wp-block-button has-custom-width wp-block-button__width-100 has-custom-font-size is-style-outline has-small-font-size is-style-outline--1\" id=\"scarica-la-sentenza\"><a class=\"wp-block-button__link has-contrast-background-color has-background has-text-align-center wp-element-button\" href=\"https:\/\/www.giustizia-amministrativa.it\/portale\/pages\/istituzionale\/visualizza\/?nodeRef=&amp;schema=tar_ve&amp;nrg=202201339&amp;nomeFile=202300661_01.html&amp;subDir=Provvedimenti\" style=\"border-radius:5px\" target=\"_blank\" rel=\"noreferrer noopener download\">Scarica la sentenza completa nr.661\/2023 TAR Veneto<\/a><\/div>\n<\/div>\n<\/blockquote>\n\n\n\n<div class=\"wp-block-buttons is-content-justification-center is-layout-flex wp-container-core-buttons-is-layout-fe48e5de wp-block-buttons-is-layout-flex\">\n<div class=\"wp-block-button has-custom-width wp-block-button__width-100 is-style-outline is-style-outline--2\"><a class=\"wp-block-button__link has-base-3-color has-text-color wp-element-button\" href=\"https:\/\/www.whydontdo.it\/studiolegaledaneluzzi\/avvocato-amministrativista-a-treviso-e-venezia\/\" style=\"border-radius:5px\" target=\"_blank\" rel=\"noopener noreferrer\">ALTRI SUCCESSI<\/a><\/div>\n<\/div>\n<\/div><\/div>\n\n\n\n<div id=\"particolarita-del-caso\" class=\"wp-block-group\"><div class=\"wp-block-group__inner-container is-layout-constrained wp-block-group-is-layout-constrained\">\n<h2 class=\"wp-block-heading\" id=\"particolarita-del-caso\">La particolarit\u00e0 del caso esaminato dal TAR Veneto<\/h2>\n\n\n\n<p class=\"wp-block-paragraph\">La particolarit\u00e0 del caso trattato consiste soprattutto nella sua relativa rarit\u00e0. Infatti c&#8217;\u00e8 pochissima giurisprudenza specifica o per casi analoghi, e quella esistente \u00e8 piuttosto datata.<\/p>\n\n\n\n<p class=\"wp-block-paragraph\">Per questo motivo, la sentenza ottenuta dallo Studio rappresenta una<strong> importante conferma recente dei principi che abbiamo evidenziato<\/strong> nei paragrafi precedenti, tanto da avere risonanza attraverso la stampa.<\/p>\n\n\n<div class=\"wp-block-image is-style-default\">\n<figure class=\"aligncenter size-thumbnail is-resized\"><a href=\"https:\/\/www.whydontdo.it\/studiolegaledaneluzzi\/wp-content\/uploads\/sites\/7\/2023\/05\/gazzettino-230523-tar-ci-da-ragione-sul-Comune-di-mogliano-diritto-amministrativo-pubblica-amministrazione-Studio-Legale-Daneluzzi-Studio-Zanin.jpg\" target=\"_blank\" rel=\"noopener\"><img loading=\"lazy\" decoding=\"async\" width=\"256\" height=\"144\" src=\"https:\/\/www.whydontdo.it\/studiolegaledaneluzzi\/wp-content\/uploads\/sites\/7\/2023\/05\/gazzettino-230523-tar-ci-da-ragione-sul-Comune-di-mogliano-diritto-amministrativo-pubblica-amministrazione-Studio-Legale-Daneluzzi-Studio-Zanin-256x144.jpg\" alt=\"gazzettino-230523-tar-ci-da-ragione sul Comune di mogliano-diritto amministrativo pubblica amministrazione-Studio Legale Daneluzzi-Studio Zanin\" class=\"wp-image-1929\" style=\"width:364px;height:205px\"\/><\/a><figcaption class=\"wp-element-caption\"><a href=\"https:\/\/www.whydontdo.it\/studiolegaledaneluzzi\/wp-content\/uploads\/sites\/7\/2023\/05\/gazzettino-230523-tar-ci-da-ragione-sul-Comune-di-mogliano-diritto-amministrativo-pubblica-amministrazione-Studio-Legale-Daneluzzi-Studio-Zanin.jpg\" target=\"_blank\" rel=\"noreferrer noopener\">Gazzettino del 230523 &#8211; TAR ci d\u00e0 ragione sul Comune di Mogliano in merito alla prelazione artistica ( \ud83d\udd0d clicca per ingrandire)<\/a><\/figcaption><\/figure>\n<\/div>\n\n\n<p class=\"wp-block-paragraph\">Particolare valore ha in ambito Veneto, ma per estensione in tutto il territorio italiano, vista la grande presenza di aree ritenute di interesse artistico.<br>Inoltre la sentenza ci dice anche che, nel diritto amministrativo, se ci si avvale di un avvocato esperto, anche<strong> il piccolo Davide pu\u00f2 battere un grosso Golia!<\/strong><\/p>\n<\/div><\/div>\n\n\n\n<div class=\"wp-block-buttons is-content-justification-center is-layout-flex wp-container-core-buttons-is-layout-fe48e5de wp-block-buttons-is-layout-flex\">\n<div class=\"wp-block-button is-style-fill\"><a class=\"wp-block-button__link has-text-align-center wp-element-button\" href=\"#contatti\" style=\"border-radius:8px\">RICHIEDI UNA CONSULENZA<\/a><\/div>\n<\/div>\n\n\n\n<div class=\"wp-block-group\"><div class=\"wp-block-group__inner-container is-layout-constrained wp-block-group-is-layout-constrained\">\n<h2 class=\"wp-block-heading\" id=\"h-aggiornamento-luglio-2024-anche-il-consiglio-di-stato-ci-da-ragione\">Aggiornamento luglio 2024: anche il Consiglio di Stato ci da ragione!<\/h2>\n\n\n\n<p class=\"wp-block-paragraph\">E&#8217; appena stata pubblicata la <a href=\"https:\/\/portali.giustizia-amministrativa.it\/portale\/pages\/istituzionale\/visualizza?nodeRef=&amp;schema=cds&amp;nrg=202308739&amp;nomeFile=202406629_11.html&amp;subDir=Provvedimenti\" target=\"_blank\" rel=\"noreferrer noopener\">sentenza n. 6629 del 2024<\/a> con cui il Consiglio di Stato, massimo organo della Giustizia amministrativa ha rigettato l&#8217;appello proposto dal Comune di Mogliano Veneto contro la sentenza del TAR Veneto di cui abbiamo scritto sopra, e ci ha dato ancora una volta ragione.<br>Il Consiglio di Stato ha ribadito che il Comune di Mogliano non poteva espropriare l&#8217;immobile dei nostri Clienti, che quindi resta di loro propriet\u00e0, e ha condannato il Comune a rimborsare le spese legali sostenute dai Clienti. <br>Ha inoltre confermato la sentenza del TAR, che gi\u00e0 aveva condannato il Comune a rimborsare le spese legali del primo grado: ci\u00f2 significa che sar\u00e0 il Comune di Mogliano a pagare integralmente i costi sostenuti dai nostri Clienti per i due gradi di giudizio, e per aver salvato la loro propriet\u00e0.<\/p>\n\n\n\n<figure class=\"wp-block-image size-full\" id=\"articolo-vittoria-su-comune-di-mogliano\"><img loading=\"lazy\" decoding=\"async\" width=\"762\" height=\"594\" src=\"https:\/\/www.whydontdo.it\/studiolegaledaneluzzi\/wp-content\/uploads\/sites\/7\/2024\/07\/articolo-gazzettino-prelazione-artistica-mogliano-consiglio-di-stato-successi-studio-legale-amministrativista-Image-2024-08-09-at-15.55.43.jpeg\" alt=\"L\u2019articolo completo del Gazzettino sulla sentenza del Consiglio di Stato che condanna il Comune di Mogliano di Luglio 2024\" class=\"wp-image-4043\" srcset=\"https:\/\/www.whydontdo.it\/studiolegaledaneluzzi\/wp-content\/uploads\/sites\/7\/2024\/07\/articolo-gazzettino-prelazione-artistica-mogliano-consiglio-di-stato-successi-studio-legale-amministrativista-Image-2024-08-09-at-15.55.43.jpeg 762w, https:\/\/www.whydontdo.it\/studiolegaledaneluzzi\/wp-content\/uploads\/sites\/7\/2024\/07\/articolo-gazzettino-prelazione-artistica-mogliano-consiglio-di-stato-successi-studio-legale-amministrativista-Image-2024-08-09-at-15.55.43-300x234.jpeg 300w, https:\/\/www.whydontdo.it\/studiolegaledaneluzzi\/wp-content\/uploads\/sites\/7\/2024\/07\/articolo-gazzettino-prelazione-artistica-mogliano-consiglio-di-stato-successi-studio-legale-amministrativista-Image-2024-08-09-at-15.55.43-150x117.jpeg 150w\" sizes=\"auto, (max-width: 762px) 100vw, 762px\" \/><\/figure>\n<\/div><\/div>\n\n\n\n<div style=\"height:10px\" aria-hidden=\"true\" class=\"wp-block-spacer\"><\/div>\n\n\n\n<h2 class=\"wp-block-heading\" id=\"h-a-chi-rivolgersi-per-questioni-simili\">A chi rivolgersi per questioni simili?<\/h2>\n\n\n\n<p class=\"wp-block-paragraph\">Se ti trovi in una situazione come quella descritta nell&#8217;articolo, magari perch\u00e9 possiedi o hai ereditato un immobile soggetto a vincolo, puoi contattare il nostro Studio con Fiducia.<\/p>\n\n\n\n<p class=\"wp-block-paragraph\">Lo Studio Legale Daneluzzi esercita attivit\u00e0 in ambito di diritto amministrativo da oltre 20 anni. L\u2019avv. Chiara Daneluzzi \u00e8 esperto <em>avvocato amministrativista<\/em> e <strong>membro accreditato dell\u2019Associazione Avvocati Amministrativisti<\/strong>, come <a href=\"https:\/\/www.amministrativistiveneti.it\/elenco-associati\/\" target=\"_blank\" rel=\"noreferrer noopener\">verificabile da qui<\/a>.<\/p>\n\n\n\n<div class=\"wp-block-buttons is-content-justification-center is-layout-flex wp-container-core-buttons-is-layout-fe48e5de wp-block-buttons-is-layout-flex\">\n<div class=\"wp-block-button is-style-fill\"><a class=\"wp-block-button__link has-text-align-center wp-element-button\" href=\"#contatti\" style=\"border-radius:5px\">CONTATTA LO STUDIO<\/a><\/div>\n<\/div>\n\n\n\n<div style=\"height:20px\" aria-hidden=\"true\" class=\"wp-block-spacer\"><\/div>\n\n\n\n<p class=\"wp-block-paragraph\">Leggi anche &#8220;<a href=\"https:\/\/www.whydontdo.it\/studiolegaledaneluzzi\/pubblica-amministrazione-non-risponde\/\">L\u2019AMMINISTRAZIONE NON RISPONDE?<\/a>&#8221; e &#8220;<a href=\"https:\/\/www.whydontdo.it\/studiolegaledaneluzzi\/diritto-amministrativo\/\" target=\"_blank\" rel=\"noreferrer noopener\">Il Diritto Amministrativo, che legale scegliere?<\/a>&#8220;<\/p>\n\n\n<ul class=\"wp-block-latest-posts__list is-grid columns-2 wp-block-latest-posts has-text-color has-contrast-color has-background has-contrast-3-background-color has-medium-font-size is-layout-flow wp-block-latest-posts-is-layout-flow\"><li><div class=\"wp-block-latest-posts__featured-image aligncenter\"><a href=\"https:\/\/www.whydontdo.it\/studiolegaledaneluzzi\/le-ferie\/\" aria-label=\"Le ferie\"><img loading=\"lazy\" decoding=\"async\" width=\"256\" height=\"144\" src=\"https:\/\/www.whydontdo.it\/studiolegaledaneluzzi\/wp-content\/uploads\/sites\/7\/2026\/09\/Ferie-malattia-in-ferie-diritto-alle-ferie-del-dipendente-Diritto-del-Lavoro-Studio-Legale-Daneluzzi-256x144.jpg\" class=\"attachment-thumbnail size-thumbnail wp-post-image\" alt=\"Ferie - malattia in ferie - diritto alle ferie del dipendente - Diritto del Lavoro - Studio Legale Daneluzzi - uomo sotto l&#039;ombrellone al telfeono\" style=\"max-width:256px;max-height:144px;\" srcset=\"https:\/\/www.whydontdo.it\/studiolegaledaneluzzi\/wp-content\/uploads\/sites\/7\/2026\/09\/Ferie-malattia-in-ferie-diritto-alle-ferie-del-dipendente-Diritto-del-Lavoro-Studio-Legale-Daneluzzi-256x144.jpg 256w, https:\/\/www.whydontdo.it\/studiolegaledaneluzzi\/wp-content\/uploads\/sites\/7\/2026\/09\/Ferie-malattia-in-ferie-diritto-alle-ferie-del-dipendente-Diritto-del-Lavoro-Studio-Legale-Daneluzzi-300x169.jpg 300w, https:\/\/www.whydontdo.it\/studiolegaledaneluzzi\/wp-content\/uploads\/sites\/7\/2026\/09\/Ferie-malattia-in-ferie-diritto-alle-ferie-del-dipendente-Diritto-del-Lavoro-Studio-Legale-Daneluzzi-1024x576.jpg 1024w, https:\/\/www.whydontdo.it\/studiolegaledaneluzzi\/wp-content\/uploads\/sites\/7\/2026\/09\/Ferie-malattia-in-ferie-diritto-alle-ferie-del-dipendente-Diritto-del-Lavoro-Studio-Legale-Daneluzzi-768x432.jpg 768w, https:\/\/www.whydontdo.it\/studiolegaledaneluzzi\/wp-content\/uploads\/sites\/7\/2026\/09\/Ferie-malattia-in-ferie-diritto-alle-ferie-del-dipendente-Diritto-del-Lavoro-Studio-Legale-Daneluzzi.jpg 1280w\" sizes=\"auto, (max-width: 256px) 100vw, 256px\" \/><\/a><\/div><a class=\"wp-block-latest-posts__post-title\" href=\"https:\/\/www.whydontdo.it\/studiolegaledaneluzzi\/le-ferie\/\">Le ferie<\/a><\/li>\n<li><div class=\"wp-block-latest-posts__featured-image aligncenter\"><a href=\"https:\/\/www.whydontdo.it\/studiolegaledaneluzzi\/il-patto-di-prova\/\" aria-label=\"Il patto di prova\"><img loading=\"lazy\" decoding=\"async\" width=\"256\" height=\"144\" src=\"https:\/\/www.whydontdo.it\/studiolegaledaneluzzi\/wp-content\/uploads\/sites\/7\/2026\/01\/Patto-di-prova-UNILAV-cosa-e-datore-di-lavoro-consegna-contratto-con-patto-di-prova-a-dipendente-datrice-e-dipendente-Diritto-del-Lavoro-Studio-Legale-Daneluzzi-256x144.jpg\" class=\"attachment-thumbnail size-thumbnail wp-post-image\" alt=\"Patto di prova - UNILAV - cosa e\u0300 - datore di lavoro consegna contratto con patto di prova a dipendente - datrice e dipendente - Diritto del Lavoro - Studio Legale Daneluzzi\" style=\"max-width:256px;max-height:144px;\" srcset=\"https:\/\/www.whydontdo.it\/studiolegaledaneluzzi\/wp-content\/uploads\/sites\/7\/2026\/01\/Patto-di-prova-UNILAV-cosa-e-datore-di-lavoro-consegna-contratto-con-patto-di-prova-a-dipendente-datrice-e-dipendente-Diritto-del-Lavoro-Studio-Legale-Daneluzzi-256x144.jpg 256w, https:\/\/www.whydontdo.it\/studiolegaledaneluzzi\/wp-content\/uploads\/sites\/7\/2026\/01\/Patto-di-prova-UNILAV-cosa-e-datore-di-lavoro-consegna-contratto-con-patto-di-prova-a-dipendente-datrice-e-dipendente-Diritto-del-Lavoro-Studio-Legale-Daneluzzi-300x169.jpg 300w, https:\/\/www.whydontdo.it\/studiolegaledaneluzzi\/wp-content\/uploads\/sites\/7\/2026\/01\/Patto-di-prova-UNILAV-cosa-e-datore-di-lavoro-consegna-contratto-con-patto-di-prova-a-dipendente-datrice-e-dipendente-Diritto-del-Lavoro-Studio-Legale-Daneluzzi-1024x576.jpg 1024w, https:\/\/www.whydontdo.it\/studiolegaledaneluzzi\/wp-content\/uploads\/sites\/7\/2026\/01\/Patto-di-prova-UNILAV-cosa-e-datore-di-lavoro-consegna-contratto-con-patto-di-prova-a-dipendente-datrice-e-dipendente-Diritto-del-Lavoro-Studio-Legale-Daneluzzi-768x432.jpg 768w, https:\/\/www.whydontdo.it\/studiolegaledaneluzzi\/wp-content\/uploads\/sites\/7\/2026\/01\/Patto-di-prova-UNILAV-cosa-e-datore-di-lavoro-consegna-contratto-con-patto-di-prova-a-dipendente-datrice-e-dipendente-Diritto-del-Lavoro-Studio-Legale-Daneluzzi.jpg 1280w\" sizes=\"auto, (max-width: 256px) 100vw, 256px\" \/><\/a><\/div><a class=\"wp-block-latest-posts__post-title\" href=\"https:\/\/www.whydontdo.it\/studiolegaledaneluzzi\/il-patto-di-prova\/\">Il patto di prova<\/a><\/li>\n<li><div class=\"wp-block-latest-posts__featured-image aligncenter\"><a href=\"https:\/\/www.whydontdo.it\/studiolegaledaneluzzi\/incostituzionale-stabilizzazione-giudici-onorari-se-con-rinuncia-pregresso\/\" aria-label=\"Incostituzionale la stabilizzazione dei giudici onorari se condizionata alla rinuncia al pregresso\"><img loading=\"lazy\" decoding=\"async\" width=\"256\" height=\"144\" src=\"https:\/\/www.whydontdo.it\/studiolegaledaneluzzi\/wp-content\/uploads\/sites\/7\/2026\/08\/Incostituzionale-la-stabilizzazione-dei-giudici-onorari-se-condizionata-alla-rinuncia-al-pregresso-Avvocato-a-Venezia-Avvocato-a-Mogliano-Veneto-Studio-Legale-Daneluzzi-256x144.jpg\" class=\"attachment-thumbnail size-thumbnail wp-post-image\" alt=\"Incostituzionale la stabilizzazione dei giudici onorari se condizionata alla rinuncia al pregresso Avvocato a Venezia - Avvocato a Mogliano Veneto - Studio Legale Daneluzzi\" style=\"max-width:256px;max-height:144px;\" srcset=\"https:\/\/www.whydontdo.it\/studiolegaledaneluzzi\/wp-content\/uploads\/sites\/7\/2026\/08\/Incostituzionale-la-stabilizzazione-dei-giudici-onorari-se-condizionata-alla-rinuncia-al-pregresso-Avvocato-a-Venezia-Avvocato-a-Mogliano-Veneto-Studio-Legale-Daneluzzi-256x144.jpg 256w, https:\/\/www.whydontdo.it\/studiolegaledaneluzzi\/wp-content\/uploads\/sites\/7\/2026\/08\/Incostituzionale-la-stabilizzazione-dei-giudici-onorari-se-condizionata-alla-rinuncia-al-pregresso-Avvocato-a-Venezia-Avvocato-a-Mogliano-Veneto-Studio-Legale-Daneluzzi-300x169.jpg 300w, https:\/\/www.whydontdo.it\/studiolegaledaneluzzi\/wp-content\/uploads\/sites\/7\/2026\/08\/Incostituzionale-la-stabilizzazione-dei-giudici-onorari-se-condizionata-alla-rinuncia-al-pregresso-Avvocato-a-Venezia-Avvocato-a-Mogliano-Veneto-Studio-Legale-Daneluzzi-1024x576.jpg 1024w, https:\/\/www.whydontdo.it\/studiolegaledaneluzzi\/wp-content\/uploads\/sites\/7\/2026\/08\/Incostituzionale-la-stabilizzazione-dei-giudici-onorari-se-condizionata-alla-rinuncia-al-pregresso-Avvocato-a-Venezia-Avvocato-a-Mogliano-Veneto-Studio-Legale-Daneluzzi-768x432.jpg 768w, https:\/\/www.whydontdo.it\/studiolegaledaneluzzi\/wp-content\/uploads\/sites\/7\/2026\/08\/Incostituzionale-la-stabilizzazione-dei-giudici-onorari-se-condizionata-alla-rinuncia-al-pregresso-Avvocato-a-Venezia-Avvocato-a-Mogliano-Veneto-Studio-Legale-Daneluzzi-150x84.jpg 150w, https:\/\/www.whydontdo.it\/studiolegaledaneluzzi\/wp-content\/uploads\/sites\/7\/2026\/08\/Incostituzionale-la-stabilizzazione-dei-giudici-onorari-se-condizionata-alla-rinuncia-al-pregresso-Avvocato-a-Venezia-Avvocato-a-Mogliano-Veneto-Studio-Legale-Daneluzzi.jpg 1280w\" sizes=\"auto, (max-width: 256px) 100vw, 256px\" \/><\/a><\/div><a class=\"wp-block-latest-posts__post-title\" href=\"https:\/\/www.whydontdo.it\/studiolegaledaneluzzi\/incostituzionale-stabilizzazione-giudici-onorari-se-con-rinuncia-pregresso\/\">Incostituzionale la stabilizzazione dei giudici onorari se condizionata alla rinuncia al pregresso<\/a><\/li>\n<li><div class=\"wp-block-latest-posts__featured-image aligncenter\"><a href=\"https:\/\/www.whydontdo.it\/studiolegaledaneluzzi\/pubblica-amministrazione-non-risponde\/\" aria-label=\"La Pubblica Amministrazione non risponde?\"><img loading=\"lazy\" decoding=\"async\" width=\"256\" height=\"144\" src=\"https:\/\/www.whydontdo.it\/studiolegaledaneluzzi\/wp-content\/uploads\/sites\/7\/2022\/03\/La-Pubblica-Amministrazione-non-risponde-L-241-1990-PA-Diritto-Avvocato-a-Treviso-Avvocato-a-Preganziol-Studio-Legale-Daneluzzi-256x144.png\" class=\"attachment-thumbnail size-thumbnail wp-post-image\" alt=\"La Pubblica Amministrazione non risponde - L-241-1990 PA - Diritto - Avvocato a Treviso - Avvocato a Preganziol - Studio Legale Daneluzzi\" style=\"max-width:256px;max-height:144px;\" srcset=\"https:\/\/www.whydontdo.it\/studiolegaledaneluzzi\/wp-content\/uploads\/sites\/7\/2022\/03\/La-Pubblica-Amministrazione-non-risponde-L-241-1990-PA-Diritto-Avvocato-a-Treviso-Avvocato-a-Preganziol-Studio-Legale-Daneluzzi-256x144.png 256w, https:\/\/www.whydontdo.it\/studiolegaledaneluzzi\/wp-content\/uploads\/sites\/7\/2022\/03\/La-Pubblica-Amministrazione-non-risponde-L-241-1990-PA-Diritto-Avvocato-a-Treviso-Avvocato-a-Preganziol-Studio-Legale-Daneluzzi-300x169.png 300w, https:\/\/www.whydontdo.it\/studiolegaledaneluzzi\/wp-content\/uploads\/sites\/7\/2022\/03\/La-Pubblica-Amministrazione-non-risponde-L-241-1990-PA-Diritto-Avvocato-a-Treviso-Avvocato-a-Preganziol-Studio-Legale-Daneluzzi-768x432.png 768w, https:\/\/www.whydontdo.it\/studiolegaledaneluzzi\/wp-content\/uploads\/sites\/7\/2022\/03\/La-Pubblica-Amministrazione-non-risponde-L-241-1990-PA-Diritto-Avvocato-a-Treviso-Avvocato-a-Preganziol-Studio-Legale-Daneluzzi-1024x576.png 1024w, https:\/\/www.whydontdo.it\/studiolegaledaneluzzi\/wp-content\/uploads\/sites\/7\/2022\/03\/La-Pubblica-Amministrazione-non-risponde-L-241-1990-PA-Diritto-Avvocato-a-Treviso-Avvocato-a-Preganziol-Studio-Legale-Daneluzzi-150x84.png 150w, https:\/\/www.whydontdo.it\/studiolegaledaneluzzi\/wp-content\/uploads\/sites\/7\/2022\/03\/La-Pubblica-Amministrazione-non-risponde-L-241-1990-PA-Diritto-Avvocato-a-Treviso-Avvocato-a-Preganziol-Studio-Legale-Daneluzzi.png 1280w\" sizes=\"auto, (max-width: 256px) 100vw, 256px\" \/><\/a><\/div><a class=\"wp-block-latest-posts__post-title\" href=\"https:\/\/www.whydontdo.it\/studiolegaledaneluzzi\/pubblica-amministrazione-non-risponde\/\">La Pubblica Amministrazione non risponde?<\/a><\/li>\n<\/ul>","protected":false},"excerpt":{"rendered":"<p>Come abbiamo difeso i beni dei clienti e del loro diritto di prelazione contro il Comune di Mogliano, ricorrendo al TAR e Consiglio di Stato<\/p>\n","protected":false},"author":4,"featured_media":1917,"comment_status":"closed","ping_status":"open","sticky":true,"template":"","format":"standard","meta":{"_mbp_gutenberg_autopost":false,"_themeisle_gutenberg_block_has_review":false,"footnotes":"","jetpack_publicize_message":"","jetpack_publicize_feature_enabled":false,"jetpack_social_post_already_shared":true,"jetpack_social_options":{"image_generator_settings":{"template":"highway","enabled":false},"version":2}},"categories":[432,262,48,129],"tags":[122,258,363,49,393,50,46],"series":[],"class_list":["post-1888","post","type-post","status-publish","format-standard","has-post-thumbnail","hentry","category-diritto-amministrativo","category-successi","category-pubblica-amministrazione","category-urbanistica-e-appalti","tag-amministrativista","tag-diritto-amministrativo","tag-diritto-di-prelazione","tag-pa","tag-prelazione-artistica","tag-pubblica-amministrazione","tag-tar"],"pp_statuses_selecting_workflow":false,"pp_workflow_action":"current","pp_status_selection":"publish","yoast_head":"<!-- This site is optimized with the Yoast SEO Premium plugin v28.2 (Yoast SEO v28.4) - https:\/\/yoast.com\/product\/yoast-seo-premium-wordpress\/ -->\n<title>Prelazione Artistica: TAR ci d\u00e0 ragione sulla P.A. &#187; Studio Daneluzzi<\/title>\n<meta name=\"description\" content=\"Come abbiamo difeso i beni dei clienti e del loro diritto di prelazione contro il Comune di Mogliano, ricorrendo al TAR e Consiglio di Stato\" \/>\n<meta name=\"robots\" content=\"index, follow, max-snippet:-1, max-image-preview:large, max-video-preview:-1\" \/>\n<link rel=\"canonical\" href=\"https:\/\/www.whydontdo.it\/studiolegaledaneluzzi\/prelazione-artistica\/\" \/>\n<meta property=\"og:locale\" content=\"it_IT\" \/>\n<meta property=\"og:type\" content=\"article\" \/>\n<meta property=\"og:title\" content=\"TAR e Consiglio di Stato ci danno ragione contro P.A. del Comune di Mogliano su Prelazione Artistica\" \/>\n<meta property=\"og:description\" content=\"Comune condannato a risarcire le spese. Annullato l\u2019atto del Comune che intendeva prevalere sugli eredi\" \/>\n<meta property=\"og:url\" content=\"https:\/\/www.whydontdo.it\/studiolegaledaneluzzi\/prelazione-artistica\/\" \/>\n<meta property=\"og:site_name\" content=\"Studio Legale Daneluzzi\" \/>\n<meta property=\"article:publisher\" content=\"https:\/\/www.facebook.com\/studiolegaledaneluzzi\" \/>\n<meta property=\"article:author\" content=\"https:\/\/www.facebook.com\/studiolegaledaneluzzi\" \/>\n<meta property=\"article:published_time\" content=\"2024-07-25T07:20:50+00:00\" \/>\n<meta property=\"article:modified_time\" content=\"2025-09-16T07:27:54+00:00\" \/>\n<meta property=\"og:image\" content=\"https:\/\/www.whydontdo.it\/studiolegaledaneluzzi\/wp-content\/uploads\/sites\/7\/2023\/05\/Tar-ci-da-ragione-successo-Comune-di-Mogliano-Studio-Zanin-Diritto-di-prelazione-artistica-Diritto-Amministrativo-Studio-Legale-Daneluzzi-sulla-Pubblica-Amministrazione.jpg\" \/>\n\t<meta property=\"og:image:width\" content=\"1280\" \/>\n\t<meta property=\"og:image:height\" content=\"720\" \/>\n\t<meta property=\"og:image:type\" content=\"image\/jpeg\" \/>\n<meta name=\"author\" content=\"Avv. Chiara Daneluzzi\" \/>\n<meta name=\"twitter:card\" content=\"summary_large_image\" \/>\n<meta name=\"twitter:description\" content=\"Comune condannato a risarcire le spese. Annullato l\u2019atto del Comune che intendeva prevalere sugli eredi\" \/>\n<script type=\"application\/ld+json\" class=\"yoast-schema-graph\">{\"@context\":\"https:\\\/\\\/schema.org\",\"@graph\":[{\"@type\":\"TechArticle\",\"@id\":\"https:\\\/\\\/www.whydontdo.it\\\/studiolegaledaneluzzi\\\/prelazione-artistica\\\/#article\",\"isPartOf\":{\"@id\":\"https:\\\/\\\/www.whydontdo.it\\\/studiolegaledaneluzzi\\\/prelazione-artistica\\\/\"},\"author\":{\"name\":\"Avv. Chiara Daneluzzi\",\"@id\":\"https:\\\/\\\/www.whydontdo.it\\\/studiolegaledaneluzzi\\\/#\\\/schema\\\/person\\\/1c79e582887e8ffc836645de47f4886c\"},\"headline\":\"TAR e Consiglio di Stato ci danno ragione contro P.A. del Comune di Mogliano su Prelazione Artistica\",\"datePublished\":\"2024-07-25T07:20:50+00:00\",\"dateModified\":\"2025-09-16T07:27:54+00:00\",\"mainEntityOfPage\":{\"@id\":\"https:\\\/\\\/www.whydontdo.it\\\/studiolegaledaneluzzi\\\/prelazione-artistica\\\/\"},\"wordCount\":1193,\"publisher\":{\"@id\":\"https:\\\/\\\/www.whydontdo.it\\\/studiolegaledaneluzzi\\\/#organization\"},\"image\":{\"@id\":\"https:\\\/\\\/www.whydontdo.it\\\/studiolegaledaneluzzi\\\/prelazione-artistica\\\/#primaryimage\"},\"thumbnailUrl\":\"https:\\\/\\\/www.whydontdo.it\\\/studiolegaledaneluzzi\\\/wp-content\\\/uploads\\\/sites\\\/7\\\/2023\\\/05\\\/Tar-ci-da-ragione-successo-Comune-di-Mogliano-Studio-Zanin-Diritto-di-prelazione-artistica-Diritto-Amministrativo-Studio-Legale-Daneluzzi-sulla-Pubblica-Amministrazione.jpg\",\"keywords\":[\"amministrativista\",\"diritto amministrativo\",\"diritto di prelazione\",\"pa\",\"prelazione artistica\",\"pubblica amministrazione\",\"tar\"],\"articleSection\":[\"diritto amministrativo\",\"I Successi dello Studio\",\"Pubblica Amministrazione\",\"Urbanistica e Appalti\"],\"inLanguage\":\"it-IT\",\"accessibilityFeature\":[\"tableOfContents\"]},{\"@type\":[\"WebPage\",\"SearchResultsPage\"],\"@id\":\"https:\\\/\\\/www.whydontdo.it\\\/studiolegaledaneluzzi\\\/prelazione-artistica\\\/\",\"url\":\"https:\\\/\\\/www.whydontdo.it\\\/studiolegaledaneluzzi\\\/prelazione-artistica\\\/\",\"name\":\"Prelazione Artistica: TAR ci d\u00e0 ragione sulla P.A. &#187; Studio Daneluzzi\",\"isPartOf\":{\"@id\":\"https:\\\/\\\/www.whydontdo.it\\\/studiolegaledaneluzzi\\\/#website\"},\"primaryImageOfPage\":{\"@id\":\"https:\\\/\\\/www.whydontdo.it\\\/studiolegaledaneluzzi\\\/prelazione-artistica\\\/#primaryimage\"},\"image\":{\"@id\":\"https:\\\/\\\/www.whydontdo.it\\\/studiolegaledaneluzzi\\\/prelazione-artistica\\\/#primaryimage\"},\"thumbnailUrl\":\"https:\\\/\\\/www.whydontdo.it\\\/studiolegaledaneluzzi\\\/wp-content\\\/uploads\\\/sites\\\/7\\\/2023\\\/05\\\/Tar-ci-da-ragione-successo-Comune-di-Mogliano-Studio-Zanin-Diritto-di-prelazione-artistica-Diritto-Amministrativo-Studio-Legale-Daneluzzi-sulla-Pubblica-Amministrazione.jpg\",\"datePublished\":\"2024-07-25T07:20:50+00:00\",\"dateModified\":\"2025-09-16T07:27:54+00:00\",\"description\":\"Come abbiamo difeso i beni dei clienti e del loro diritto di prelazione contro il Comune di Mogliano, ricorrendo al TAR e Consiglio di Stato\",\"breadcrumb\":{\"@id\":\"https:\\\/\\\/www.whydontdo.it\\\/studiolegaledaneluzzi\\\/prelazione-artistica\\\/#breadcrumb\"},\"inLanguage\":\"it-IT\",\"potentialAction\":[{\"@type\":\"ReadAction\",\"target\":[\"https:\\\/\\\/www.whydontdo.it\\\/studiolegaledaneluzzi\\\/prelazione-artistica\\\/\"]}]},{\"@type\":\"ImageObject\",\"inLanguage\":\"it-IT\",\"@id\":\"https:\\\/\\\/www.whydontdo.it\\\/studiolegaledaneluzzi\\\/prelazione-artistica\\\/#primaryimage\",\"url\":\"https:\\\/\\\/www.whydontdo.it\\\/studiolegaledaneluzzi\\\/wp-content\\\/uploads\\\/sites\\\/7\\\/2023\\\/05\\\/Tar-ci-da-ragione-successo-Comune-di-Mogliano-Studio-Zanin-Diritto-di-prelazione-artistica-Diritto-Amministrativo-Studio-Legale-Daneluzzi-sulla-Pubblica-Amministrazione.jpg\",\"contentUrl\":\"https:\\\/\\\/www.whydontdo.it\\\/studiolegaledaneluzzi\\\/wp-content\\\/uploads\\\/sites\\\/7\\\/2023\\\/05\\\/Tar-ci-da-ragione-successo-Comune-di-Mogliano-Studio-Zanin-Diritto-di-prelazione-artistica-Diritto-Amministrativo-Studio-Legale-Daneluzzi-sulla-Pubblica-Amministrazione.jpg\",\"width\":1280,\"height\":720,\"caption\":\"Tar ci da ragione - successo - Comune di Mogliano - Studio Zanin - Diritto di prelazione artistica - Diritto Amministrativo - Studio Legale Daneluzzi sulla Pubblica Amministrazione\"},{\"@type\":\"BreadcrumbList\",\"@id\":\"https:\\\/\\\/www.whydontdo.it\\\/studiolegaledaneluzzi\\\/prelazione-artistica\\\/#breadcrumb\",\"itemListElement\":[{\"@type\":\"ListItem\",\"position\":1,\"name\":\"Diritto Amministrativo (P.A.)\",\"item\":\"https:\\\/\\\/www.whydontdo.it\\\/studiolegaledaneluzzi\\\/category\\\/pubblica-amministrazione\\\/\"},{\"@type\":\"ListItem\",\"position\":2,\"name\":\"Prelazione Artistica\"}]},{\"@type\":\"WebSite\",\"@id\":\"https:\\\/\\\/www.whydontdo.it\\\/studiolegaledaneluzzi\\\/#website\",\"url\":\"https:\\\/\\\/www.whydontdo.it\\\/studiolegaledaneluzzi\\\/\",\"name\":\"Studio Legale Daneluzzi\",\"description\":\"Professionalit\u00e0 e Competenza dalla TUA parte\",\"publisher\":{\"@id\":\"https:\\\/\\\/www.whydontdo.it\\\/studiolegaledaneluzzi\\\/#organization\"},\"alternateName\":\"Avv. Daneluzzi\",\"potentialAction\":[{\"@type\":\"SearchAction\",\"target\":{\"@type\":\"EntryPoint\",\"urlTemplate\":\"https:\\\/\\\/www.whydontdo.it\\\/studiolegaledaneluzzi\\\/?s={search_term_string}\"},\"query-input\":{\"@type\":\"PropertyValueSpecification\",\"valueRequired\":true,\"valueName\":\"search_term_string\"}}],\"inLanguage\":\"it-IT\"},{\"@type\":\"Organization\",\"@id\":\"https:\\\/\\\/www.whydontdo.it\\\/studiolegaledaneluzzi\\\/#organization\",\"name\":\"Studio Legale Daneluzzi\",\"alternateName\":\"Avv. Daneluzzi\",\"url\":\"https:\\\/\\\/www.whydontdo.it\\\/studiolegaledaneluzzi\\\/\",\"logo\":{\"@type\":\"ImageObject\",\"inLanguage\":\"it-IT\",\"@id\":\"https:\\\/\\\/www.whydontdo.it\\\/studiolegaledaneluzzi\\\/#\\\/schema\\\/logo\\\/image\\\/\",\"url\":\"https:\\\/\\\/www.whydontdo.it\\\/studiolegaledaneluzzi\\\/wp-content\\\/uploads\\\/sites\\\/7\\\/2021\\\/11\\\/src-logo.png\",\"contentUrl\":\"https:\\\/\\\/www.whydontdo.it\\\/studiolegaledaneluzzi\\\/wp-content\\\/uploads\\\/sites\\\/7\\\/2021\\\/11\\\/src-logo.png\",\"width\":185,\"height\":185,\"caption\":\"Studio Legale Daneluzzi\"},\"image\":{\"@id\":\"https:\\\/\\\/www.whydontdo.it\\\/studiolegaledaneluzzi\\\/#\\\/schema\\\/logo\\\/image\\\/\"},\"sameAs\":[\"https:\\\/\\\/www.facebook.com\\\/studiolegaledaneluzzi\",\"https:\\\/\\\/www.instagram.com\\\/studiolegaledaneluzzi\",\"https:\\\/\\\/www.linkedin.com\\\/company\\\/studiolegaledaneluzzi\\\/\"],\"description\":\"Studio Legale con Avvocati Amministrativisti e del lavoro (giuslavoristi)\",\"email\":\"info@studiolegaledaneluzzi.it\",\"telephone\":\"+39 0422 491006\",\"legalName\":\"Studio Legale Daneluzzi\",\"foundingDate\":\"2004-01-01\",\"numberOfEmployees\":{\"@type\":\"QuantitativeValue\",\"minValue\":\"1\",\"maxValue\":\"10\"},\"publishingPrinciples\":\"https:\\\/\\\/www.whydontdo.it\\\/studiolegaledaneluzzi\\\/privacy-gdpr-cookies\\\/\",\"ownershipFundingInfo\":\"https:\\\/\\\/www.whydontdo.it\\\/studiolegaledaneluzzi\\\/privacy-gdpr-cookies\\\/\",\"actionableFeedbackPolicy\":\"https:\\\/\\\/www.whydontdo.it\\\/studiolegaledaneluzzi\\\/privacy-gdpr-cookies\\\/\",\"correctionsPolicy\":\"https:\\\/\\\/www.whydontdo.it\\\/studiolegaledaneluzzi\\\/privacy-gdpr-cookies\\\/\",\"ethicsPolicy\":\"https:\\\/\\\/www.whydontdo.it\\\/studiolegaledaneluzzi\\\/privacy-gdpr-cookies\\\/\"},{\"@type\":\"Person\",\"@id\":\"https:\\\/\\\/www.whydontdo.it\\\/studiolegaledaneluzzi\\\/#\\\/schema\\\/person\\\/1c79e582887e8ffc836645de47f4886c\",\"name\":\"Avv. Chiara Daneluzzi\",\"image\":{\"@type\":\"ImageObject\",\"inLanguage\":\"it-IT\",\"@id\":\"https:\\\/\\\/secure.gravatar.com\\\/avatar\\\/9b62efbedd9651dd7e69269564aa1773aaf74037f2be0fe3b45e41e4931fa911?s=96&d=mm&r=g\",\"url\":\"https:\\\/\\\/secure.gravatar.com\\\/avatar\\\/9b62efbedd9651dd7e69269564aa1773aaf74037f2be0fe3b45e41e4931fa911?s=96&d=mm&r=g\",\"contentUrl\":\"https:\\\/\\\/secure.gravatar.com\\\/avatar\\\/9b62efbedd9651dd7e69269564aa1773aaf74037f2be0fe3b45e41e4931fa911?s=96&d=mm&r=g\",\"caption\":\"Avv. Chiara Daneluzzi\"},\"description\":\"Laureata in Giurisprudenza all'Universit\u00e0 di Trieste, l'Avv. Chiara Daneluzzi svolge la pratica forense dal 1999 occupandosi di diritto del lavoro, pubblico e privato, e di diritto amministrativo. \u00c8 membro del direttivo veneto dell\u2019Avvocati Giuslavoristi Italiani (AGI) e fa parte degli Avvocati Amministrativisti Veneti. Fonda lo Studio Legale Daneluzzi nel 2013, continuando ad occuparsi in maniera prevalente del diritto del lavoro e diritto amministrativo. Diventa Cassazionista nel 2016. \u00c8 referente legale del sindacato di polizia COISP Venezia e regionale, e del sindacato dei medici SNAMI Venezia. Opera a Venezia, Treviso e Pordenone.\",\"sameAs\":[\"https:\\\/\\\/www.studiolegaledaneluzzi.it\",\"https:\\\/\\\/www.facebook.com\\\/studiolegaledaneluzzi\",\"https:\\\/\\\/www.instagram.com\\\/studiolegaledaneluzzi\\\/\",\"https:\\\/\\\/www.linkedin.com\\\/company\\\/studiolegaledaneluzzi\"],\"honorificPrefix\":\"Avv.\",\"gender\":\"donna\",\"knowsAbout\":[\"diritto del lavoro\",\"diritto amministrativo\",\"cassazionista\"],\"knowsLanguage\":[\"italiano\",\"inglese\"],\"url\":\"https:\\\/\\\/www.whydontdo.it\\\/studiolegaledaneluzzi\\\/author\\\/chiarad\\\/\"}]}<\/script>\n<!-- \/ Yoast SEO Premium plugin. -->","yoast_head_json":{"title":"Prelazione Artistica: TAR ci d\u00e0 ragione sulla P.A. &#187; Studio Daneluzzi","description":"Come abbiamo difeso i beni dei clienti e del loro diritto di prelazione contro il Comune di Mogliano, ricorrendo al TAR e Consiglio di Stato","robots":{"index":"index","follow":"follow","max-snippet":"max-snippet:-1","max-image-preview":"max-image-preview:large","max-video-preview":"max-video-preview:-1"},"canonical":"https:\/\/www.whydontdo.it\/studiolegaledaneluzzi\/prelazione-artistica\/","og_locale":"it_IT","og_type":"article","og_title":"TAR e Consiglio di Stato ci danno ragione contro P.A. del Comune di Mogliano su Prelazione Artistica","og_description":"Comune condannato a risarcire le spese. Annullato l\u2019atto del Comune che intendeva prevalere sugli eredi","og_url":"https:\/\/www.whydontdo.it\/studiolegaledaneluzzi\/prelazione-artistica\/","og_site_name":"Studio Legale Daneluzzi","article_publisher":"https:\/\/www.facebook.com\/studiolegaledaneluzzi","article_author":"https:\/\/www.facebook.com\/studiolegaledaneluzzi","article_published_time":"2024-07-25T07:20:50+00:00","article_modified_time":"2025-09-16T07:27:54+00:00","og_image":[{"width":1280,"height":720,"url":"https:\/\/www.whydontdo.it\/studiolegaledaneluzzi\/wp-content\/uploads\/sites\/7\/2023\/05\/Tar-ci-da-ragione-successo-Comune-di-Mogliano-Studio-Zanin-Diritto-di-prelazione-artistica-Diritto-Amministrativo-Studio-Legale-Daneluzzi-sulla-Pubblica-Amministrazione.jpg","type":"image\/jpeg"}],"author":"Avv. Chiara Daneluzzi","twitter_card":"summary_large_image","twitter_description":"Comune condannato a risarcire le spese. Annullato l\u2019atto del Comune che intendeva prevalere sugli eredi","schema":{"@context":"https:\/\/schema.org","@graph":[{"@type":"TechArticle","@id":"https:\/\/www.whydontdo.it\/studiolegaledaneluzzi\/prelazione-artistica\/#article","isPartOf":{"@id":"https:\/\/www.whydontdo.it\/studiolegaledaneluzzi\/prelazione-artistica\/"},"author":{"name":"Avv. Chiara Daneluzzi","@id":"https:\/\/www.whydontdo.it\/studiolegaledaneluzzi\/#\/schema\/person\/1c79e582887e8ffc836645de47f4886c"},"headline":"TAR e Consiglio di Stato ci danno ragione contro P.A. del Comune di Mogliano su Prelazione Artistica","datePublished":"2024-07-25T07:20:50+00:00","dateModified":"2025-09-16T07:27:54+00:00","mainEntityOfPage":{"@id":"https:\/\/www.whydontdo.it\/studiolegaledaneluzzi\/prelazione-artistica\/"},"wordCount":1193,"publisher":{"@id":"https:\/\/www.whydontdo.it\/studiolegaledaneluzzi\/#organization"},"image":{"@id":"https:\/\/www.whydontdo.it\/studiolegaledaneluzzi\/prelazione-artistica\/#primaryimage"},"thumbnailUrl":"https:\/\/www.whydontdo.it\/studiolegaledaneluzzi\/wp-content\/uploads\/sites\/7\/2023\/05\/Tar-ci-da-ragione-successo-Comune-di-Mogliano-Studio-Zanin-Diritto-di-prelazione-artistica-Diritto-Amministrativo-Studio-Legale-Daneluzzi-sulla-Pubblica-Amministrazione.jpg","keywords":["amministrativista","diritto amministrativo","diritto di prelazione","pa","prelazione artistica","pubblica amministrazione","tar"],"articleSection":["diritto amministrativo","I Successi dello Studio","Pubblica Amministrazione","Urbanistica e Appalti"],"inLanguage":"it-IT","accessibilityFeature":["tableOfContents"]},{"@type":["WebPage","SearchResultsPage"],"@id":"https:\/\/www.whydontdo.it\/studiolegaledaneluzzi\/prelazione-artistica\/","url":"https:\/\/www.whydontdo.it\/studiolegaledaneluzzi\/prelazione-artistica\/","name":"Prelazione Artistica: TAR ci d\u00e0 ragione sulla P.A. &#187; Studio Daneluzzi","isPartOf":{"@id":"https:\/\/www.whydontdo.it\/studiolegaledaneluzzi\/#website"},"primaryImageOfPage":{"@id":"https:\/\/www.whydontdo.it\/studiolegaledaneluzzi\/prelazione-artistica\/#primaryimage"},"image":{"@id":"https:\/\/www.whydontdo.it\/studiolegaledaneluzzi\/prelazione-artistica\/#primaryimage"},"thumbnailUrl":"https:\/\/www.whydontdo.it\/studiolegaledaneluzzi\/wp-content\/uploads\/sites\/7\/2023\/05\/Tar-ci-da-ragione-successo-Comune-di-Mogliano-Studio-Zanin-Diritto-di-prelazione-artistica-Diritto-Amministrativo-Studio-Legale-Daneluzzi-sulla-Pubblica-Amministrazione.jpg","datePublished":"2024-07-25T07:20:50+00:00","dateModified":"2025-09-16T07:27:54+00:00","description":"Come abbiamo difeso i beni dei clienti e del loro diritto di prelazione contro il Comune di Mogliano, ricorrendo al TAR e Consiglio di Stato","breadcrumb":{"@id":"https:\/\/www.whydontdo.it\/studiolegaledaneluzzi\/prelazione-artistica\/#breadcrumb"},"inLanguage":"it-IT","potentialAction":[{"@type":"ReadAction","target":["https:\/\/www.whydontdo.it\/studiolegaledaneluzzi\/prelazione-artistica\/"]}]},{"@type":"ImageObject","inLanguage":"it-IT","@id":"https:\/\/www.whydontdo.it\/studiolegaledaneluzzi\/prelazione-artistica\/#primaryimage","url":"https:\/\/www.whydontdo.it\/studiolegaledaneluzzi\/wp-content\/uploads\/sites\/7\/2023\/05\/Tar-ci-da-ragione-successo-Comune-di-Mogliano-Studio-Zanin-Diritto-di-prelazione-artistica-Diritto-Amministrativo-Studio-Legale-Daneluzzi-sulla-Pubblica-Amministrazione.jpg","contentUrl":"https:\/\/www.whydontdo.it\/studiolegaledaneluzzi\/wp-content\/uploads\/sites\/7\/2023\/05\/Tar-ci-da-ragione-successo-Comune-di-Mogliano-Studio-Zanin-Diritto-di-prelazione-artistica-Diritto-Amministrativo-Studio-Legale-Daneluzzi-sulla-Pubblica-Amministrazione.jpg","width":1280,"height":720,"caption":"Tar ci da ragione - successo - Comune di Mogliano - Studio Zanin - Diritto di prelazione artistica - Diritto Amministrativo - Studio Legale Daneluzzi sulla Pubblica Amministrazione"},{"@type":"BreadcrumbList","@id":"https:\/\/www.whydontdo.it\/studiolegaledaneluzzi\/prelazione-artistica\/#breadcrumb","itemListElement":[{"@type":"ListItem","position":1,"name":"Diritto Amministrativo (P.A.)","item":"https:\/\/www.whydontdo.it\/studiolegaledaneluzzi\/category\/pubblica-amministrazione\/"},{"@type":"ListItem","position":2,"name":"Prelazione Artistica"}]},{"@type":"WebSite","@id":"https:\/\/www.whydontdo.it\/studiolegaledaneluzzi\/#website","url":"https:\/\/www.whydontdo.it\/studiolegaledaneluzzi\/","name":"Studio Legale Daneluzzi","description":"Professionalit\u00e0 e Competenza dalla TUA parte","publisher":{"@id":"https:\/\/www.whydontdo.it\/studiolegaledaneluzzi\/#organization"},"alternateName":"Avv. Daneluzzi","potentialAction":[{"@type":"SearchAction","target":{"@type":"EntryPoint","urlTemplate":"https:\/\/www.whydontdo.it\/studiolegaledaneluzzi\/?s={search_term_string}"},"query-input":{"@type":"PropertyValueSpecification","valueRequired":true,"valueName":"search_term_string"}}],"inLanguage":"it-IT"},{"@type":"Organization","@id":"https:\/\/www.whydontdo.it\/studiolegaledaneluzzi\/#organization","name":"Studio Legale Daneluzzi","alternateName":"Avv. Daneluzzi","url":"https:\/\/www.whydontdo.it\/studiolegaledaneluzzi\/","logo":{"@type":"ImageObject","inLanguage":"it-IT","@id":"https:\/\/www.whydontdo.it\/studiolegaledaneluzzi\/#\/schema\/logo\/image\/","url":"https:\/\/www.whydontdo.it\/studiolegaledaneluzzi\/wp-content\/uploads\/sites\/7\/2021\/11\/src-logo.png","contentUrl":"https:\/\/www.whydontdo.it\/studiolegaledaneluzzi\/wp-content\/uploads\/sites\/7\/2021\/11\/src-logo.png","width":185,"height":185,"caption":"Studio Legale Daneluzzi"},"image":{"@id":"https:\/\/www.whydontdo.it\/studiolegaledaneluzzi\/#\/schema\/logo\/image\/"},"sameAs":["https:\/\/www.facebook.com\/studiolegaledaneluzzi","https:\/\/www.instagram.com\/studiolegaledaneluzzi","https:\/\/www.linkedin.com\/company\/studiolegaledaneluzzi\/"],"description":"Studio Legale con Avvocati Amministrativisti e del lavoro (giuslavoristi)","email":"info@studiolegaledaneluzzi.it","telephone":"+39 0422 491006","legalName":"Studio Legale Daneluzzi","foundingDate":"2004-01-01","numberOfEmployees":{"@type":"QuantitativeValue","minValue":"1","maxValue":"10"},"publishingPrinciples":"https:\/\/www.whydontdo.it\/studiolegaledaneluzzi\/privacy-gdpr-cookies\/","ownershipFundingInfo":"https:\/\/www.whydontdo.it\/studiolegaledaneluzzi\/privacy-gdpr-cookies\/","actionableFeedbackPolicy":"https:\/\/www.whydontdo.it\/studiolegaledaneluzzi\/privacy-gdpr-cookies\/","correctionsPolicy":"https:\/\/www.whydontdo.it\/studiolegaledaneluzzi\/privacy-gdpr-cookies\/","ethicsPolicy":"https:\/\/www.whydontdo.it\/studiolegaledaneluzzi\/privacy-gdpr-cookies\/"},{"@type":"Person","@id":"https:\/\/www.whydontdo.it\/studiolegaledaneluzzi\/#\/schema\/person\/1c79e582887e8ffc836645de47f4886c","name":"Avv. Chiara Daneluzzi","image":{"@type":"ImageObject","inLanguage":"it-IT","@id":"https:\/\/secure.gravatar.com\/avatar\/9b62efbedd9651dd7e69269564aa1773aaf74037f2be0fe3b45e41e4931fa911?s=96&d=mm&r=g","url":"https:\/\/secure.gravatar.com\/avatar\/9b62efbedd9651dd7e69269564aa1773aaf74037f2be0fe3b45e41e4931fa911?s=96&d=mm&r=g","contentUrl":"https:\/\/secure.gravatar.com\/avatar\/9b62efbedd9651dd7e69269564aa1773aaf74037f2be0fe3b45e41e4931fa911?s=96&d=mm&r=g","caption":"Avv. Chiara Daneluzzi"},"description":"Laureata in Giurisprudenza all'Universit\u00e0 di Trieste, l'Avv. Chiara Daneluzzi svolge la pratica forense dal 1999 occupandosi di diritto del lavoro, pubblico e privato, e di diritto amministrativo. \u00c8 membro del direttivo veneto dell\u2019Avvocati Giuslavoristi Italiani (AGI) e fa parte degli Avvocati Amministrativisti Veneti. Fonda lo Studio Legale Daneluzzi nel 2013, continuando ad occuparsi in maniera prevalente del diritto del lavoro e diritto amministrativo. Diventa Cassazionista nel 2016. \u00c8 referente legale del sindacato di polizia COISP Venezia e regionale, e del sindacato dei medici SNAMI Venezia. Opera a Venezia, Treviso e Pordenone.","sameAs":["https:\/\/www.studiolegaledaneluzzi.it","https:\/\/www.facebook.com\/studiolegaledaneluzzi","https:\/\/www.instagram.com\/studiolegaledaneluzzi\/","https:\/\/www.linkedin.com\/company\/studiolegaledaneluzzi"],"honorificPrefix":"Avv.","gender":"donna","knowsAbout":["diritto del lavoro","diritto amministrativo","cassazionista"],"knowsLanguage":["italiano","inglese"],"url":"https:\/\/www.whydontdo.it\/studiolegaledaneluzzi\/author\/chiarad\/"}]}},"jetpack_publicize_connections":[],"_links":{"self":[{"href":"https:\/\/www.whydontdo.it\/studiolegaledaneluzzi\/wp-json\/wp\/v2\/posts\/1888","targetHints":{"allow":["GET"]}}],"collection":[{"href":"https:\/\/www.whydontdo.it\/studiolegaledaneluzzi\/wp-json\/wp\/v2\/posts"}],"about":[{"href":"https:\/\/www.whydontdo.it\/studiolegaledaneluzzi\/wp-json\/wp\/v2\/types\/post"}],"author":[{"embeddable":true,"href":"https:\/\/www.whydontdo.it\/studiolegaledaneluzzi\/wp-json\/wp\/v2\/users\/4"}],"replies":[{"embeddable":true,"href":"https:\/\/www.whydontdo.it\/studiolegaledaneluzzi\/wp-json\/wp\/v2\/comments?post=1888"}],"version-history":[{"count":27,"href":"https:\/\/www.whydontdo.it\/studiolegaledaneluzzi\/wp-json\/wp\/v2\/posts\/1888\/revisions"}],"predecessor-version":[{"id":9065,"href":"https:\/\/www.whydontdo.it\/studiolegaledaneluzzi\/wp-json\/wp\/v2\/posts\/1888\/revisions\/9065"}],"wp:featuredmedia":[{"embeddable":true,"href":"https:\/\/www.whydontdo.it\/studiolegaledaneluzzi\/wp-json\/wp\/v2\/media\/1917"}],"wp:attachment":[{"href":"https:\/\/www.whydontdo.it\/studiolegaledaneluzzi\/wp-json\/wp\/v2\/media?parent=1888"}],"wp:term":[{"taxonomy":"category","embeddable":true,"href":"https:\/\/www.whydontdo.it\/studiolegaledaneluzzi\/wp-json\/wp\/v2\/categories?post=1888"},{"taxonomy":"post_tag","embeddable":true,"href":"https:\/\/www.whydontdo.it\/studiolegaledaneluzzi\/wp-json\/wp\/v2\/tags?post=1888"},{"taxonomy":"series","embeddable":true,"href":"https:\/\/www.whydontdo.it\/studiolegaledaneluzzi\/wp-json\/wp\/v2\/series?post=1888"}],"curies":[{"name":"wp","href":"https:\/\/api.w.org\/{rel}","templated":true}]}}