
{"id":2452,"date":"2024-06-21T00:00:00","date_gmt":"2024-06-20T22:00:00","guid":{"rendered":"https:\/\/www.whydontdo.it\/studiolegaledaneluzzi\/?p=2452&#038;preview=true&#038;preview_id=2452"},"modified":"2026-06-23T09:46:50","modified_gmt":"2026-06-23T07:46:50","slug":"bocciatura","status":"publish","type":"post","link":"https:\/\/www.whydontdo.it\/studiolegaledaneluzzi\/bocciatura\/","title":{"rendered":"Bocciatura a scuola 2026, che fare?"},"content":{"rendered":"\n<p class=\"wp-block-paragraph\">Ecco arrivato il periodo dell&#8217;anno in cui la scuola si conclude e gli studenti tirano le somme. Soprattutto, ma non solo, quelli impegnati nell&#8217;esame di maturit\u00e0.<br>E se le cose non vanno come si sperava? Che rimedi ci sono? Nell&#8217;articolo ve ne diamo una rapida panoramica<\/p>\n\n\n\n<p class=\"yoast-reading-time__wrapper\"><span class=\"yoast-reading-time__icon\"><svg aria-hidden=\"true\" focusable=\"false\" data-icon=\"clock\" width=\"20\" height=\"20\" fill=\"none\" stroke=\"currentColor\" style=\"display:inline-block;vertical-align:-0.1em\" role=\"img\" xmlns=\"http:\/\/www.w3.org\/2000\/svg\" viewBox=\"0 0 24 24\"><path stroke-linecap=\"round\" stroke-linejoin=\"round\" stroke-width=\"2\" d=\"M12 8v4l3 3m6-3a9 9 0 11-18 0 9 9 0 0118 0z\"><\/path><\/svg><\/span><span class=\"yoast-reading-time__spacer\" style=\"display:inline-block;width:1em\"><\/span><span class=\"yoast-reading-time__descriptive-text\">Tempo di lettura:  <\/span><span class=\"yoast-reading-time__reading-time\">8<\/span><span class=\"yoast-reading-time__time-unit\"> minuti<\/span><\/p>\n\n\n\n<div class=\"wp-block-yoast-seo-table-of-contents yoast-table-of-contents\"><h2>Argomenti trattati<\/h2><ul><li><a href=\"#h-bocciatura-riferimenti-normativi\" data-level=\"2\">Bocciatura: riferimenti normativi<\/a><\/li><li><a href=\"#h-quando-e-possibile-fare-ricorso\" data-level=\"2\">Quando \u00e8 possibile fare ricorso?<\/a><\/li><li><a href=\"#h-i-vizi-della-bocciatura\" data-level=\"2\">I vizi della bocciatura<\/a><\/li><li><a href=\"#h-l-accesso-agli-atti\" data-level=\"2\">L&#8217;accesso agli atti<\/a><\/li><li><a href=\"#h-che-rimedi-urgenti-ci-sono\" data-level=\"2\">Che rimedi urgenti ci sono?<\/a><\/li><li><a href=\"#h-l-ammissione-con-riserva\" data-level=\"2\">L&#8217;ammissione con riserva<\/a><\/li><li><a href=\"#h-maturita-2026\" data-level=\"2\">Maturit\u00e0 2026<\/a><\/li><li><a href=\"#h-a-quale-avvocato-rivolgersi\" data-level=\"2\">A quale avvocato rivolgersi<\/a><\/li><\/ul><\/div>\n\n\n\n<h2 id=\"h-bocciatura-riferimenti-normativi\" class=\"wp-block-heading\">Bocciatura: riferimenti normativi<\/h2>\n\n\n\n<p class=\"wp-block-paragraph\">Sia che si tratti della maturit\u00e0 o della conclusione di uno qualsiasi degli anni del percorso scolastico, <strong>promozione o bocciatura sono provvedimenti amministrativi<\/strong>. E vale anche per gli esami di riparazione a fine agosto. In quanto provvedimenti amministrativi, sono soggetti ai limiti di tutti i provvedimenti amministrativi. In pratica, devono rispettare le regole imposte dalla legge per l&#8217;esercizio del potere pubblico speso con quel provvedimento. <br>Se cos\u00ec non fosse, il provvedimento \u00e8 illegittimo e si pu\u00f2 impugnare avanti il TAR, o Tribunale Amministrativo Regionale. Tra le regole cardine cui sono soggetti i provvedimenti amministrativi, ricordiamo l&#8217;art. 97 della Costituzione e l&#8217;art. 1 L. 241\/1990.<\/p>\n\n\n\n<h2 id=\"h-quando-e-possibile-fare-ricorso\" class=\"wp-block-heading\">Quando \u00e8 possibile fare ricorso?<\/h2>\n\n\n\n<p class=\"wp-block-paragraph\">In linea di massima, sempre. Per\u00f2 naturalmente ci sono dei criteri da valutare attentamente. Il primo parametro da considerare \u00e8 il termine entro cui farlo: <strong>si pu\u00f2 fare ricorso solo entro 60 giorni<\/strong> dalla pubblicazione della bocciatura (o mancata ammissione all&#8217;esame). Superato tale limite temporale, non si potr\u00e0 pi\u00f9 fare nulla. Quindi \u00e8 importante contattare immediatamente l&#8217;avvocato non appena si conosce l&#8217;esito.<br>Attenzione che anche se si \u00e8 chiesto accesso agli atti e si attende la risposta, questo non sospende i termini per ricorrere!<br>Poi per\u00f2 bisogna anche verificare se la bocciatura \u00e8 o meno corretta. Se, cio\u00e8, \u00e8 un <strong>provvedimento viziato da illegittimit\u00e0<\/strong>, ovvero illegittimo.Come capirlo? Continua a leggere per scoprirlo.<\/p>\n\n\n\n<div class=\"wp-block-buttons is-content-justification-center is-layout-flex wp-container-core-buttons-is-layout-fe48e5de wp-block-buttons-is-layout-flex\">\n<div class=\"wp-block-button has-custom-width wp-block-button__width-100 is-style-outline is-style-outline--1\"><a class=\"wp-block-button__link wp-element-button\" href=\"https:\/\/www.whydontdo.it\/studiolegaledaneluzzi\/pubblica-amministrazione-non-risponde\/\" style=\"border-radius:6px\">LEGGI ANCHE &#8220;E SE L\u2019AMMINISTRAZIONE NON RISPONDE?&#8221;<\/a><\/div>\n<\/div>\n\n\n\n<h2 id=\"h-i-vizi-della-bocciatura\" class=\"wp-block-heading\">I vizi della bocciatura<\/h2>\n\n\n\n<p class=\"wp-block-paragraph\">La bocciatura o la mancata ammissione alla maturit\u00e0 possono essere illegittime per molti motivi. Ad esempio, <strong>la motivazione pu\u00f2 essere insufficiente o contraddittoria<\/strong> rispetto all&#8217;andamento scolastico generale dello studente. Oppure con lui si \u00e8 usata una <strong>severit\u00e0 maggiore<\/strong> che con altri compagni di classe, pur a parit\u00e0 di rendimento e voti. O ancora non si \u00e8 tenuto conto di una malattia importante in corso d&#8217;anno. O un docente in particolare ha assegnato verifiche irregolari o molto discutibili e <strong>ha assegnato i voti a caso<\/strong>, e lo studente <strong>viene rimandato <\/strong>in questa materia.<br>Molto spesso comunque salta agli occhi o una motivazione insufficiente della scelta di bocciare, rimandare o non ammettere alla maturit\u00e0, oppure una incongruenza tra tale scelta e i voti dell&#8217; studente.<br>C&#8217;\u00e8 comunque una prima importante verifica da effettuare, in questi casi. Te la spieghiamo nel paragrafo che segue.<\/p>\n\n\n\n<h2 id=\"h-l-accesso-agli-atti\" class=\"wp-block-heading\">L&#8217;accesso agli atti<\/h2>\n\n\n\n<p class=\"wp-block-paragraph\">Se ritieni illegittima o irregolare, o ingiusta, la bocciatura, <strong>la prima cosa da fare \u00e8 l&#8217;accesso agli atti<\/strong> ai sensi della L. 241\/90 art. 22. Si tratta di chiedere <em>accesso formale, e con estrazione di copia<\/em>, ai verbali d&#8217;esame e alle prove (i compiti). Nel caso di anno scolastico diverso dall&#8217;ultimo, \u00e8 bene chiedere anche copia dei verbali degli scrutini e dei compiti e verifiche in classe svolti dallo studente durante l&#8217;anno, soprattutto se ritieni che ad esempio l&#8217;esito finale contrasti con l&#8217;andamento scolastico dell&#8217;intero anno. Attenzione che se lo studente \u00e8 maggiorenne sar\u00e0 lui a dover inoltrare la domanda di accesso agli atti.<\/p>\n\n\n\n<div class=\"wp-block-buttons is-content-justification-center is-layout-flex wp-container-core-buttons-is-layout-fe48e5de wp-block-buttons-is-layout-flex\">\n<div class=\"wp-block-button has-custom-width wp-block-button__width-100 is-style-outline is-style-outline--2\"><a class=\"wp-block-button__link wp-element-button\" href=\"https:\/\/www.whydontdo.it\/studiolegaledaneluzzi\/diritto-scolastico\/\">LEGGI ANCHE &#8220;DIRITTO SCOLASTICO, di che si tratta?&#8221;<\/a><\/div>\n<\/div>\n\n\n\n<p class=\"wp-block-paragraph\">Non \u00e8 impossibile presentare da soli la richiesta di accesso agli atti, per\u00f2 se \u00e8 errata o incompleta autorizzer\u00e0 la scuola a richiedere integrazioni o a rigettarla. E ogni volta decorreranno altri 30 giorni, e si rischia quindi di perdere il termine di 60 giorni per presentare ricorso al TAR. Questo termine, infatti, non pu\u00f2 essere prorogato per nessuna ragione. <br>\u00c8 quindi preferibile rivolgersi ad un avvocato sin da tale delicata fase, per evitare errori che possono far perdere i termini.<\/p>\n\n\n\n<h2 id=\"h-che-rimedi-urgenti-ci-sono\" class=\"wp-block-heading\">Che rimedi urgenti ci sono?<\/h2>\n\n\n\n<p class=\"wp-block-paragraph\">Se si verifica che effettivamente la bocciatura o la mancata ammissione, o la materia rimandata, presentano delle anomalie importanti, si pu\u00f2 fare <strong>ricorso al TAR<\/strong>.<\/p>\n\n\n\n<p class=\"wp-block-paragraph\">E in seno a tale procedura si pu\u00f2 chiedere la <strong>sospensiva<\/strong><\/p>\n\n\n\n<blockquote class=\"wp-block-quote is-layout-flow wp-block-quote-is-layout-flow\">\n<p class=\"wp-block-paragraph\">La <em>sospensiva<\/em> \u00e8 il provvedimento cautelare con cui il TAR sospende, appunto, la bocciatura o mancata ammissione, ed eventualmente <strong>ammette con riserva il ragazzo<\/strong> alla classe successiva o all&#8217;esame di maturit\u00e0, o all&#8217;<em>immatricolazione universitaria<\/em> se si tratta di bocciatura all&#8217;orale della maturit\u00e0.<\/p>\n<\/blockquote>\n\n\n\n<p class=\"wp-block-paragraph\">Considera che dacch\u00e9 si presenta il ricorso, la sospensiva si pu\u00f2 ottenere veramente in una manciata di giorni, se ce ne sono i presupposti. Quella del TAR \u00e8 dunque una tutela molto veloce ed efficace, e permette di non pregiudicare definitivamente il percorso di studi dell&#8217;alunno nel tempo necessario a giungere alla sentenza definitiva. In sostanza, si riesce a recuperare un anno di vita dello studente o meglio a non perderlo.<\/p>\n\n\n\n<h2 id=\"h-l-ammissione-con-riserva\" class=\"wp-block-heading\">L&#8217;ammissione con riserva<\/h2>\n\n\n\n<p class=\"wp-block-paragraph\">L&#8217;<strong>ammissione con riserva<\/strong> \u00e8 la tipica tutela cautelare urgente che pu\u00f2 essere concessa dal TAR. Si tratta di far ammettere condizionatamente lo studente alla classe successiva, o all&#8217;esame di maturit\u00e0, quando si \u00e8 impugnato il provvedimento negativo.<\/p>\n\n\n\n<p class=\"wp-block-paragraph\">Questo serve ad evitare che il tempo necessario per arrivare alla sentenza pregiudichi definitivamente l&#8217;anno di studi del ragazzo: infatti, me ne faccio poco di una sentenza che mi da ragione, se l&#8217;anno l&#8217;ho perso!<\/p>\n\n\n\n<blockquote class=\"wp-block-quote is-layout-flow wp-block-quote-is-layout-flow\">\n<p class=\"wp-block-paragraph\">La <strong>sospensiva con ammissione con riserva<\/strong>, o <em>condizionata<\/em>, serve appunto ad evitare di perdere l&#8217;anno, nel tempo che serve ad arrivare alla sentenza di merito sulla vicenda.<\/p>\n<\/blockquote>\n\n\n\n<p class=\"wp-block-paragraph\">E cos\u00ec ad esempio lo studente pu\u00f2 essere ammesso con riserva all&#8217;esame di maturit\u00e0 anche se inizialmente era non ammesso. Se alla fine la sentenza annuller\u00e0 la mancata ammissione, il ragazzo conserver\u00e0 gli effetti dell&#8217;esame nel frattempo affrontato e magari con successo. Se, invece, alla fine la sentenza fosse negativa, l&#8217;esame sar\u00e0 come non dato.<\/p>\n\n\n\n<h2 id=\"h-maturita-2026\" class=\"wp-block-heading\">Maturit\u00e0 2026<\/h2>\n\n\n\n<p class=\"wp-block-paragraph\">Le procedure per le sessioni d&#8217;esame 2026 sono oramai avviate. L&#8217;esame, che in base alla recente normativa, modifica la propria denominazione e, dopo tanti anni, torna appunto a chiamarsi <em><strong>esame di maturit\u00e0<\/strong><\/em> e non pi\u00f9 <strong><em>esame di Stato<\/em>.<\/strong><\/p>\n\n\n\n<p class=\"wp-block-paragraph\">L&#8217;esame si svolge secondo la disciplina di cui al Dlgs. n. 62 del 13 aprile 2017, come successivamente modificato dal D.L. n. 127\/2025 successivamente convertito in L. n. 164\/2025, mentre la seconda prova dell&#8217;esame di quest&#8217;anno \u00e8 regolamentata dal D.M. n. 13 del 29 gennaio 2026.<\/p>\n\n\n\n<p class=\"wp-block-paragraph\">A questa disciplina complessiva si dovr\u00e0 dunque fare riferimento per ogni verifica di regolarit\u00e0 dell&#8217;esame, nel caso gli esiti non siano quelli sperati.<\/p>\n\n\n\n<p class=\"wp-block-paragraph\">Il ritorno ad un <em>esame di maturit\u00e0<\/em> comporta per legge che i candidati vengano valutati non solo sulle nozioni acquisite, ma appunto sul <strong>grado complessivo di maturit\u00e0 acquisita<\/strong>, sul curriculum scolastico nella prospettiva di sviluppo integrale della persona, come ricordato dal Ministero dell&#8217;Istruzione sul <a href=\"https:\/\/www.istruzione.it\/esami-di-primo-e-secondo-ciclo-2025-2026\/secondo-ciclo26.html\" target=\"_blank\" rel=\"noreferrer noopener nofollow\">proprio sito<\/a>.<\/p>\n\n\n\n<p class=\"wp-block-paragraph\">Tra le novit\u00e0 di quest&#8217;anno, ricordiamo la pi\u00f9 importante ossia l&#8217;<strong>obbligo di sottoporsi all&#8217;esame orale<\/strong>, che pu\u00f2 valere fino a 20 punti.<br>L&#8217;obbligatoriet\u00e0 dell&#8217;esame orale determina la <strong>sicura bocciatura per il caso di mancata presentazione all&#8217;orale o scena muta<\/strong> allo stesso, senza possibilit\u00e0 di impugnare l&#8217;esito.<\/p>\n\n\n\n<h2 id=\"h-a-quale-avvocato-rivolgersi\" class=\"wp-block-heading\">A quale avvocato rivolgersi<\/h2>\n\n\n\n<p class=\"wp-block-paragraph\">L&#8217;avvocato che tratta questa materia \u00e8 <strong>l&#8217;amministrativista<\/strong>, cio\u00e8 l&#8217;avvocato esperto nel diritto amministrativo. Se vuoi saperne di pi\u00f9 puoi approfondire in <a href=\"https:\/\/www.whydontdo.it\/studiolegaledaneluzzi\/diritto-amministrativo\/\" target=\"_blank\" rel=\"noreferrer noopener\">questo articolo<\/a>.<\/p>\n\n\n\n<p class=\"wp-block-paragraph\">Come ti ho spiegato sopra, \u00e8 fondamentale non perdere nemmeno un giorno quando si tratta di impugnare una bocciatura o mancata ammissione agli esami. E purtroppo fare da soli anche solo nei primi passaggi, o nell\u2019inviare da soli una <a href=\"https:\/\/www.whydontdo.it\/studiolegaledaneluzzi\/pec-casella-piena-che-non-riceve\/\">PEC<\/a>, porta molto spesso ad errori che possono pregiudicare definitivamente la possibilit\u00e0 di fare ricorso, pur avendo magari ragione.<\/p>\n\n\n\n<p class=\"wp-block-paragraph\">Rivolgiti ad un legale esperto rapidamente, anche solo per una consulenza iniziale: \u00e8 meglio investire qualche centinaio d&#8217;euro per <strong>inquadrare velocemente la situazione<\/strong>, piuttosto che rischiare di pregiudicare per sempre uno o pi\u00f9 anni di vita e percorso di studi di un giovane.<\/p>\n\n\n\n<h3 id=\"h-lo-studio-e-abilitato-a-trattare-diritto-amministrativo\" class=\"wp-block-heading\">Lo Studio \u00e8 abilitato a trattare diritto amministrativo?<\/h3>\n\n\n\n<p class=\"wp-block-paragraph\">Sicuramente\u00a0<strong>S\u00cc<\/strong>. Lo Studio Legale Daneluzzi tratta da decenni di\u00a0<em><a href=\"https:\/\/www.whydontdo.it\/studiolegaledaneluzzi\/diritto-amministrativo\/\" target=\"_blank\" rel=\"noreferrer noopener\">diritto amministrativo<\/a><\/em>, ottenendo\u00a0<a href=\"https:\/\/www.whydontdo.it\/studiolegaledaneluzzi\/category\/successi\/\">molti successi in materia<\/a>.<br>L&#8217;avv. Chiara Daneluzzi \u00e8\u00a0<strong>avvocato amministrativista sin dal 1999<\/strong>, tratta ed \u00e8 esperto in\u00a0<em>controversie con la Pubblica Amministrazione<\/em>\u00a0ed \u00e8 membro della prestigiosa\u00a0<em><a href=\"http:\/\/www.amministrativistiveneti.it\/elenco-associati\/\" target=\"_blank\" rel=\"noreferrer noopener\">Associazione Avvocati Amministrativisti<\/a><\/em>. Lo Studio pu\u00f2 offrire sia\u00a0<em>consulenza<\/em>\u00a0che\u00a0<em>assisterti in giudizio<\/em>\u00a0e patrocina\u00a0<strong>ricorsi avanti TAR<\/strong>\u00a0e\u00a0<strong>Consiglio di Stato<\/strong>, nonch\u00e9 avanti la <strong>Corte dei Conti<\/strong>, essendo l\u2019avv. Daneluzzi anche\u00a0<a href=\"https:\/\/www.whydontdo.it\/studiolegaledaneluzzi\/avvocato-cassazionista\/\">Cassazionista<\/a>.<br><strong>Affidatevi a noi con fiducia<\/strong>\u00a0nelle\u00a0<a href=\"https:\/\/www.whydontdo.it\/studiolegaledaneluzzi\/avvocato-amministrativista-a-treviso-e-venezia\/\" target=\"_blank\" rel=\"noreferrer noopener\">sedi di Venezia, Treviso e Pordenone<\/a>.<\/p>\n\n\n\n<div class=\"wp-block-buttons is-content-justification-center is-layout-flex wp-container-core-buttons-is-layout-fe48e5de wp-block-buttons-is-layout-flex\">\n<div class=\"wp-block-button has-custom-width wp-block-button__width-100 is-style-fill\"><a class=\"wp-block-button__link has-text-align-center wp-element-button\" href=\"#contatti\" style=\"border-radius:6px\">CONTATTA LO STUDIO<\/a><\/div>\n<\/div>\n\n\n\n<div style=\"height:10px\" aria-hidden=\"true\" class=\"wp-block-spacer\"><\/div>\n\n\n<p class=\"has-text-align-center wp-block-site-tagline has-small-font-size\">Professionalit\u00e0 e Competenza dalla TUA parte<\/p>","protected":false},"excerpt":{"rendered":"<p>La scuola si conclude e si tirano le somme, soprattutto quelle della maturit\u00e0. E se le cose non vanno come sperato e arriva una bocciatura?<\/p>\n","protected":false},"author":4,"featured_media":2768,"comment_status":"closed","ping_status":"open","sticky":true,"template":"","format":"standard","meta":{"_mbp_gutenberg_autopost":false,"_themeisle_gutenberg_block_has_review":false,"footnotes":"","jetpack_publicize_message":"","jetpack_publicize_feature_enabled":false,"jetpack_social_post_already_shared":false,"jetpack_social_options":{"image_generator_settings":{"template":"highway","default_image_id":0,"font":"","enabled":false},"version":2}},"categories":[1,48],"tags":[409,412,411,277,401,410,46],"series":[],"class_list":["post-2452","post","type-post","status-publish","format-standard","has-post-thumbnail","hentry","category-news","category-pubblica-amministrazione","tag-bocciatura","tag-esame","tag-maturita","tag-ricorso","tag-scuola","tag-studenti","tag-tar"],"pp_statuses_selecting_workflow":false,"pp_workflow_action":"current","pp_status_selection":"publish","yoast_head":"<!-- This site is optimized with the Yoast SEO Premium plugin v28.2 (Yoast SEO v28.4) - https:\/\/yoast.com\/product\/yoast-seo-premium-wordpress\/ -->\n<title>Bocciatura a scuola 2026, che fare? &#187; studiolegaledaneluzzi.it<\/title>\n<meta name=\"description\" content=\"La scuola si conclude e si tirano le somme, soprattutto quelle della maturit\u00e0. E se le cose non vanno come sperato e arriva una bocciatura?\" \/>\n<meta name=\"robots\" content=\"index, follow, max-snippet:-1, max-image-preview:large, max-video-preview:-1\" \/>\n<link rel=\"canonical\" href=\"https:\/\/www.whydontdo.it\/studiolegaledaneluzzi\/bocciatura\/\" \/>\n<meta property=\"og:locale\" content=\"it_IT\" \/>\n<meta property=\"og:type\" content=\"article\" \/>\n<meta property=\"og:title\" content=\"Bocciatura a scuola 2026, che fare?\" \/>\n<meta property=\"og:description\" content=\"La scuola si conclude e si tirano le somme, soprattutto quelle della maturit\u00e0. E se le cose non vanno come sperato e arriva una bocciatura?\" \/>\n<meta property=\"og:url\" content=\"https:\/\/www.whydontdo.it\/studiolegaledaneluzzi\/bocciatura\/\" \/>\n<meta property=\"og:site_name\" content=\"Studio Legale Daneluzzi\" \/>\n<meta property=\"article:publisher\" content=\"https:\/\/www.facebook.com\/studiolegaledaneluzzi\" \/>\n<meta property=\"article:author\" content=\"https:\/\/www.facebook.com\/studiolegaledaneluzzi\" \/>\n<meta property=\"article:published_time\" content=\"2024-06-20T22:00:00+00:00\" \/>\n<meta property=\"article:modified_time\" content=\"2026-06-23T07:46:50+00:00\" \/>\n<meta property=\"og:image\" content=\"https:\/\/www.whydontdo.it\/studiolegaledaneluzzi\/wp-content\/uploads\/sites\/7\/2023\/06\/Bocciatura-a-scuola-che-fare-Diritto-amministrativo-Avvocato-a-Venezia-Avvocato-a-Treviso-Studio-Legale-Daneluzzi-Amministrativista-TAR.jpg\" \/>\n\t<meta property=\"og:image:width\" content=\"1280\" \/>\n\t<meta property=\"og:image:height\" content=\"720\" \/>\n\t<meta property=\"og:image:type\" content=\"image\/jpeg\" \/>\n<meta name=\"author\" content=\"Avv. Chiara Daneluzzi\" \/>\n<meta name=\"twitter:card\" content=\"summary_large_image\" \/>\n<script type=\"application\/ld+json\" class=\"yoast-schema-graph\">{\"@context\":\"https:\\\/\\\/schema.org\",\"@graph\":[{\"@type\":\"Article\",\"@id\":\"https:\\\/\\\/www.whydontdo.it\\\/studiolegaledaneluzzi\\\/bocciatura\\\/#article\",\"isPartOf\":{\"@id\":\"https:\\\/\\\/www.whydontdo.it\\\/studiolegaledaneluzzi\\\/bocciatura\\\/\"},\"author\":{\"name\":\"Avv. Chiara Daneluzzi\",\"@id\":\"https:\\\/\\\/www.whydontdo.it\\\/studiolegaledaneluzzi\\\/#\\\/schema\\\/person\\\/1c79e582887e8ffc836645de47f4886c\"},\"headline\":\"Bocciatura a scuola 2026, che fare?\",\"datePublished\":\"2024-06-20T22:00:00+00:00\",\"dateModified\":\"2026-06-23T07:46:50+00:00\",\"mainEntityOfPage\":{\"@id\":\"https:\\\/\\\/www.whydontdo.it\\\/studiolegaledaneluzzi\\\/bocciatura\\\/\"},\"wordCount\":1312,\"publisher\":{\"@id\":\"https:\\\/\\\/www.whydontdo.it\\\/studiolegaledaneluzzi\\\/#organization\"},\"image\":{\"@id\":\"https:\\\/\\\/www.whydontdo.it\\\/studiolegaledaneluzzi\\\/bocciatura\\\/#primaryimage\"},\"thumbnailUrl\":\"https:\\\/\\\/www.whydontdo.it\\\/studiolegaledaneluzzi\\\/wp-content\\\/uploads\\\/sites\\\/7\\\/2023\\\/06\\\/Bocciatura-a-scuola-che-fare-Diritto-amministrativo-Avvocato-a-Venezia-Avvocato-a-Treviso-Studio-Legale-Daneluzzi-Amministrativista-TAR.jpg\",\"keywords\":[\"bocciatura\",\"esame\",\"maturit\u00e0\",\"ricorso\",\"scuola\",\"studenti\",\"tar\"],\"articleSection\":[\"News\",\"Pubblica Amministrazione\"],\"inLanguage\":\"it-IT\",\"accessibilityFeature\":[\"tableOfContents\"]},{\"@type\":\"WebPage\",\"@id\":\"https:\\\/\\\/www.whydontdo.it\\\/studiolegaledaneluzzi\\\/bocciatura\\\/\",\"url\":\"https:\\\/\\\/www.whydontdo.it\\\/studiolegaledaneluzzi\\\/bocciatura\\\/\",\"name\":\"Bocciatura a scuola 2026, che fare? &#187; studiolegaledaneluzzi.it\",\"isPartOf\":{\"@id\":\"https:\\\/\\\/www.whydontdo.it\\\/studiolegaledaneluzzi\\\/#website\"},\"primaryImageOfPage\":{\"@id\":\"https:\\\/\\\/www.whydontdo.it\\\/studiolegaledaneluzzi\\\/bocciatura\\\/#primaryimage\"},\"image\":{\"@id\":\"https:\\\/\\\/www.whydontdo.it\\\/studiolegaledaneluzzi\\\/bocciatura\\\/#primaryimage\"},\"thumbnailUrl\":\"https:\\\/\\\/www.whydontdo.it\\\/studiolegaledaneluzzi\\\/wp-content\\\/uploads\\\/sites\\\/7\\\/2023\\\/06\\\/Bocciatura-a-scuola-che-fare-Diritto-amministrativo-Avvocato-a-Venezia-Avvocato-a-Treviso-Studio-Legale-Daneluzzi-Amministrativista-TAR.jpg\",\"datePublished\":\"2024-06-20T22:00:00+00:00\",\"dateModified\":\"2026-06-23T07:46:50+00:00\",\"description\":\"La scuola si conclude e si tirano le somme, soprattutto quelle della maturit\u00e0. E se le cose non vanno come sperato e arriva una bocciatura?\",\"breadcrumb\":{\"@id\":\"https:\\\/\\\/www.whydontdo.it\\\/studiolegaledaneluzzi\\\/bocciatura\\\/#breadcrumb\"},\"inLanguage\":\"it-IT\",\"potentialAction\":[{\"@type\":\"ReadAction\",\"target\":[\"https:\\\/\\\/www.whydontdo.it\\\/studiolegaledaneluzzi\\\/bocciatura\\\/\"]}]},{\"@type\":\"ImageObject\",\"inLanguage\":\"it-IT\",\"@id\":\"https:\\\/\\\/www.whydontdo.it\\\/studiolegaledaneluzzi\\\/bocciatura\\\/#primaryimage\",\"url\":\"https:\\\/\\\/www.whydontdo.it\\\/studiolegaledaneluzzi\\\/wp-content\\\/uploads\\\/sites\\\/7\\\/2023\\\/06\\\/Bocciatura-a-scuola-che-fare-Diritto-amministrativo-Avvocato-a-Venezia-Avvocato-a-Treviso-Studio-Legale-Daneluzzi-Amministrativista-TAR.jpg\",\"contentUrl\":\"https:\\\/\\\/www.whydontdo.it\\\/studiolegaledaneluzzi\\\/wp-content\\\/uploads\\\/sites\\\/7\\\/2023\\\/06\\\/Bocciatura-a-scuola-che-fare-Diritto-amministrativo-Avvocato-a-Venezia-Avvocato-a-Treviso-Studio-Legale-Daneluzzi-Amministrativista-TAR.jpg\",\"width\":1280,\"height\":720,\"caption\":\"Bocciatura a scuola che fare - Diritto amministrativo - Avvocato a Venezia - Avvocato a Treviso - Studio Legale Daneluzzi - Amministrativista TAR\"},{\"@type\":\"BreadcrumbList\",\"@id\":\"https:\\\/\\\/www.whydontdo.it\\\/studiolegaledaneluzzi\\\/bocciatura\\\/#breadcrumb\",\"itemListElement\":[{\"@type\":\"ListItem\",\"position\":1,\"name\":\"News\",\"item\":\"https:\\\/\\\/www.whydontdo.it\\\/studiolegaledaneluzzi\\\/category\\\/news\\\/\"},{\"@type\":\"ListItem\",\"position\":2,\"name\":\"bocciatura e ricorso\"}]},{\"@type\":\"WebSite\",\"@id\":\"https:\\\/\\\/www.whydontdo.it\\\/studiolegaledaneluzzi\\\/#website\",\"url\":\"https:\\\/\\\/www.whydontdo.it\\\/studiolegaledaneluzzi\\\/\",\"name\":\"Studio Legale Daneluzzi\",\"description\":\"Professionalit\u00e0 e Competenza dalla TUA parte\",\"publisher\":{\"@id\":\"https:\\\/\\\/www.whydontdo.it\\\/studiolegaledaneluzzi\\\/#organization\"},\"alternateName\":\"Avv. Daneluzzi\",\"potentialAction\":[{\"@type\":\"SearchAction\",\"target\":{\"@type\":\"EntryPoint\",\"urlTemplate\":\"https:\\\/\\\/www.whydontdo.it\\\/studiolegaledaneluzzi\\\/?s={search_term_string}\"},\"query-input\":{\"@type\":\"PropertyValueSpecification\",\"valueRequired\":true,\"valueName\":\"search_term_string\"}}],\"inLanguage\":\"it-IT\"},{\"@type\":\"Organization\",\"@id\":\"https:\\\/\\\/www.whydontdo.it\\\/studiolegaledaneluzzi\\\/#organization\",\"name\":\"Studio Legale Daneluzzi\",\"alternateName\":\"Avv. Daneluzzi\",\"url\":\"https:\\\/\\\/www.whydontdo.it\\\/studiolegaledaneluzzi\\\/\",\"logo\":{\"@type\":\"ImageObject\",\"inLanguage\":\"it-IT\",\"@id\":\"https:\\\/\\\/www.whydontdo.it\\\/studiolegaledaneluzzi\\\/#\\\/schema\\\/logo\\\/image\\\/\",\"url\":\"https:\\\/\\\/www.whydontdo.it\\\/studiolegaledaneluzzi\\\/wp-content\\\/uploads\\\/sites\\\/7\\\/2021\\\/11\\\/src-logo.png\",\"contentUrl\":\"https:\\\/\\\/www.whydontdo.it\\\/studiolegaledaneluzzi\\\/wp-content\\\/uploads\\\/sites\\\/7\\\/2021\\\/11\\\/src-logo.png\",\"width\":185,\"height\":185,\"caption\":\"Studio Legale Daneluzzi\"},\"image\":{\"@id\":\"https:\\\/\\\/www.whydontdo.it\\\/studiolegaledaneluzzi\\\/#\\\/schema\\\/logo\\\/image\\\/\"},\"sameAs\":[\"https:\\\/\\\/www.facebook.com\\\/studiolegaledaneluzzi\",\"https:\\\/\\\/www.instagram.com\\\/studiolegaledaneluzzi\",\"https:\\\/\\\/www.linkedin.com\\\/company\\\/studiolegaledaneluzzi\\\/\"],\"description\":\"Studio Legale con Avvocati Amministrativisti e del lavoro (giuslavoristi)\",\"email\":\"info@studiolegaledaneluzzi.it\",\"telephone\":\"+39 0422 491006\",\"legalName\":\"Studio Legale Daneluzzi\",\"foundingDate\":\"2004-01-01\",\"numberOfEmployees\":{\"@type\":\"QuantitativeValue\",\"minValue\":\"1\",\"maxValue\":\"10\"},\"publishingPrinciples\":\"https:\\\/\\\/www.whydontdo.it\\\/studiolegaledaneluzzi\\\/privacy-gdpr-cookies\\\/\",\"ownershipFundingInfo\":\"https:\\\/\\\/www.whydontdo.it\\\/studiolegaledaneluzzi\\\/privacy-gdpr-cookies\\\/\",\"actionableFeedbackPolicy\":\"https:\\\/\\\/www.whydontdo.it\\\/studiolegaledaneluzzi\\\/privacy-gdpr-cookies\\\/\",\"correctionsPolicy\":\"https:\\\/\\\/www.whydontdo.it\\\/studiolegaledaneluzzi\\\/privacy-gdpr-cookies\\\/\",\"ethicsPolicy\":\"https:\\\/\\\/www.whydontdo.it\\\/studiolegaledaneluzzi\\\/privacy-gdpr-cookies\\\/\"},{\"@type\":\"Person\",\"@id\":\"https:\\\/\\\/www.whydontdo.it\\\/studiolegaledaneluzzi\\\/#\\\/schema\\\/person\\\/1c79e582887e8ffc836645de47f4886c\",\"name\":\"Avv. Chiara Daneluzzi\",\"image\":{\"@type\":\"ImageObject\",\"inLanguage\":\"it-IT\",\"@id\":\"https:\\\/\\\/secure.gravatar.com\\\/avatar\\\/9b62efbedd9651dd7e69269564aa1773aaf74037f2be0fe3b45e41e4931fa911?s=96&d=mm&r=g\",\"url\":\"https:\\\/\\\/secure.gravatar.com\\\/avatar\\\/9b62efbedd9651dd7e69269564aa1773aaf74037f2be0fe3b45e41e4931fa911?s=96&d=mm&r=g\",\"contentUrl\":\"https:\\\/\\\/secure.gravatar.com\\\/avatar\\\/9b62efbedd9651dd7e69269564aa1773aaf74037f2be0fe3b45e41e4931fa911?s=96&d=mm&r=g\",\"caption\":\"Avv. Chiara Daneluzzi\"},\"description\":\"Laureata in Giurisprudenza all'Universit\u00e0 di Trieste, l'Avv. Chiara Daneluzzi svolge la pratica forense dal 1999 occupandosi di diritto del lavoro, pubblico e privato, e di diritto amministrativo. \u00c8 membro del direttivo veneto dell\u2019Avvocati Giuslavoristi Italiani (AGI) e fa parte degli Avvocati Amministrativisti Veneti. Fonda lo Studio Legale Daneluzzi nel 2013, continuando ad occuparsi in maniera prevalente del diritto del lavoro e diritto amministrativo. Diventa Cassazionista nel 2016. \u00c8 referente legale del sindacato di polizia COISP Venezia e regionale, e del sindacato dei medici SNAMI Venezia. Opera a Venezia, Treviso e Pordenone.\",\"sameAs\":[\"https:\\\/\\\/www.studiolegaledaneluzzi.it\",\"https:\\\/\\\/www.facebook.com\\\/studiolegaledaneluzzi\",\"https:\\\/\\\/www.instagram.com\\\/studiolegaledaneluzzi\\\/\",\"https:\\\/\\\/www.linkedin.com\\\/company\\\/studiolegaledaneluzzi\"],\"honorificPrefix\":\"Avv.\",\"gender\":\"donna\",\"knowsAbout\":[\"diritto del lavoro\",\"diritto amministrativo\",\"cassazionista\"],\"knowsLanguage\":[\"italiano\",\"inglese\"],\"url\":\"https:\\\/\\\/www.whydontdo.it\\\/studiolegaledaneluzzi\\\/author\\\/chiarad\\\/\"}]}<\/script>\n<!-- \/ Yoast SEO Premium plugin. -->","yoast_head_json":{"title":"Bocciatura a scuola 2026, che fare? &#187; studiolegaledaneluzzi.it","description":"La scuola si conclude e si tirano le somme, soprattutto quelle della maturit\u00e0. E se le cose non vanno come sperato e arriva una bocciatura?","robots":{"index":"index","follow":"follow","max-snippet":"max-snippet:-1","max-image-preview":"max-image-preview:large","max-video-preview":"max-video-preview:-1"},"canonical":"https:\/\/www.whydontdo.it\/studiolegaledaneluzzi\/bocciatura\/","og_locale":"it_IT","og_type":"article","og_title":"Bocciatura a scuola 2026, che fare?","og_description":"La scuola si conclude e si tirano le somme, soprattutto quelle della maturit\u00e0. E se le cose non vanno come sperato e arriva una bocciatura?","og_url":"https:\/\/www.whydontdo.it\/studiolegaledaneluzzi\/bocciatura\/","og_site_name":"Studio Legale Daneluzzi","article_publisher":"https:\/\/www.facebook.com\/studiolegaledaneluzzi","article_author":"https:\/\/www.facebook.com\/studiolegaledaneluzzi","article_published_time":"2024-06-20T22:00:00+00:00","article_modified_time":"2026-06-23T07:46:50+00:00","og_image":[{"width":1280,"height":720,"url":"https:\/\/www.whydontdo.it\/studiolegaledaneluzzi\/wp-content\/uploads\/sites\/7\/2023\/06\/Bocciatura-a-scuola-che-fare-Diritto-amministrativo-Avvocato-a-Venezia-Avvocato-a-Treviso-Studio-Legale-Daneluzzi-Amministrativista-TAR.jpg","type":"image\/jpeg"}],"author":"Avv. Chiara Daneluzzi","twitter_card":"summary_large_image","schema":{"@context":"https:\/\/schema.org","@graph":[{"@type":"Article","@id":"https:\/\/www.whydontdo.it\/studiolegaledaneluzzi\/bocciatura\/#article","isPartOf":{"@id":"https:\/\/www.whydontdo.it\/studiolegaledaneluzzi\/bocciatura\/"},"author":{"name":"Avv. Chiara Daneluzzi","@id":"https:\/\/www.whydontdo.it\/studiolegaledaneluzzi\/#\/schema\/person\/1c79e582887e8ffc836645de47f4886c"},"headline":"Bocciatura a scuola 2026, che fare?","datePublished":"2024-06-20T22:00:00+00:00","dateModified":"2026-06-23T07:46:50+00:00","mainEntityOfPage":{"@id":"https:\/\/www.whydontdo.it\/studiolegaledaneluzzi\/bocciatura\/"},"wordCount":1312,"publisher":{"@id":"https:\/\/www.whydontdo.it\/studiolegaledaneluzzi\/#organization"},"image":{"@id":"https:\/\/www.whydontdo.it\/studiolegaledaneluzzi\/bocciatura\/#primaryimage"},"thumbnailUrl":"https:\/\/www.whydontdo.it\/studiolegaledaneluzzi\/wp-content\/uploads\/sites\/7\/2023\/06\/Bocciatura-a-scuola-che-fare-Diritto-amministrativo-Avvocato-a-Venezia-Avvocato-a-Treviso-Studio-Legale-Daneluzzi-Amministrativista-TAR.jpg","keywords":["bocciatura","esame","maturit\u00e0","ricorso","scuola","studenti","tar"],"articleSection":["News","Pubblica Amministrazione"],"inLanguage":"it-IT","accessibilityFeature":["tableOfContents"]},{"@type":"WebPage","@id":"https:\/\/www.whydontdo.it\/studiolegaledaneluzzi\/bocciatura\/","url":"https:\/\/www.whydontdo.it\/studiolegaledaneluzzi\/bocciatura\/","name":"Bocciatura a scuola 2026, che fare? &#187; studiolegaledaneluzzi.it","isPartOf":{"@id":"https:\/\/www.whydontdo.it\/studiolegaledaneluzzi\/#website"},"primaryImageOfPage":{"@id":"https:\/\/www.whydontdo.it\/studiolegaledaneluzzi\/bocciatura\/#primaryimage"},"image":{"@id":"https:\/\/www.whydontdo.it\/studiolegaledaneluzzi\/bocciatura\/#primaryimage"},"thumbnailUrl":"https:\/\/www.whydontdo.it\/studiolegaledaneluzzi\/wp-content\/uploads\/sites\/7\/2023\/06\/Bocciatura-a-scuola-che-fare-Diritto-amministrativo-Avvocato-a-Venezia-Avvocato-a-Treviso-Studio-Legale-Daneluzzi-Amministrativista-TAR.jpg","datePublished":"2024-06-20T22:00:00+00:00","dateModified":"2026-06-23T07:46:50+00:00","description":"La scuola si conclude e si tirano le somme, soprattutto quelle della maturit\u00e0. E se le cose non vanno come sperato e arriva una bocciatura?","breadcrumb":{"@id":"https:\/\/www.whydontdo.it\/studiolegaledaneluzzi\/bocciatura\/#breadcrumb"},"inLanguage":"it-IT","potentialAction":[{"@type":"ReadAction","target":["https:\/\/www.whydontdo.it\/studiolegaledaneluzzi\/bocciatura\/"]}]},{"@type":"ImageObject","inLanguage":"it-IT","@id":"https:\/\/www.whydontdo.it\/studiolegaledaneluzzi\/bocciatura\/#primaryimage","url":"https:\/\/www.whydontdo.it\/studiolegaledaneluzzi\/wp-content\/uploads\/sites\/7\/2023\/06\/Bocciatura-a-scuola-che-fare-Diritto-amministrativo-Avvocato-a-Venezia-Avvocato-a-Treviso-Studio-Legale-Daneluzzi-Amministrativista-TAR.jpg","contentUrl":"https:\/\/www.whydontdo.it\/studiolegaledaneluzzi\/wp-content\/uploads\/sites\/7\/2023\/06\/Bocciatura-a-scuola-che-fare-Diritto-amministrativo-Avvocato-a-Venezia-Avvocato-a-Treviso-Studio-Legale-Daneluzzi-Amministrativista-TAR.jpg","width":1280,"height":720,"caption":"Bocciatura a scuola che fare - Diritto amministrativo - Avvocato a Venezia - Avvocato a Treviso - Studio Legale Daneluzzi - Amministrativista TAR"},{"@type":"BreadcrumbList","@id":"https:\/\/www.whydontdo.it\/studiolegaledaneluzzi\/bocciatura\/#breadcrumb","itemListElement":[{"@type":"ListItem","position":1,"name":"News","item":"https:\/\/www.whydontdo.it\/studiolegaledaneluzzi\/category\/news\/"},{"@type":"ListItem","position":2,"name":"bocciatura e ricorso"}]},{"@type":"WebSite","@id":"https:\/\/www.whydontdo.it\/studiolegaledaneluzzi\/#website","url":"https:\/\/www.whydontdo.it\/studiolegaledaneluzzi\/","name":"Studio Legale Daneluzzi","description":"Professionalit\u00e0 e Competenza dalla TUA parte","publisher":{"@id":"https:\/\/www.whydontdo.it\/studiolegaledaneluzzi\/#organization"},"alternateName":"Avv. Daneluzzi","potentialAction":[{"@type":"SearchAction","target":{"@type":"EntryPoint","urlTemplate":"https:\/\/www.whydontdo.it\/studiolegaledaneluzzi\/?s={search_term_string}"},"query-input":{"@type":"PropertyValueSpecification","valueRequired":true,"valueName":"search_term_string"}}],"inLanguage":"it-IT"},{"@type":"Organization","@id":"https:\/\/www.whydontdo.it\/studiolegaledaneluzzi\/#organization","name":"Studio Legale Daneluzzi","alternateName":"Avv. Daneluzzi","url":"https:\/\/www.whydontdo.it\/studiolegaledaneluzzi\/","logo":{"@type":"ImageObject","inLanguage":"it-IT","@id":"https:\/\/www.whydontdo.it\/studiolegaledaneluzzi\/#\/schema\/logo\/image\/","url":"https:\/\/www.whydontdo.it\/studiolegaledaneluzzi\/wp-content\/uploads\/sites\/7\/2021\/11\/src-logo.png","contentUrl":"https:\/\/www.whydontdo.it\/studiolegaledaneluzzi\/wp-content\/uploads\/sites\/7\/2021\/11\/src-logo.png","width":185,"height":185,"caption":"Studio Legale Daneluzzi"},"image":{"@id":"https:\/\/www.whydontdo.it\/studiolegaledaneluzzi\/#\/schema\/logo\/image\/"},"sameAs":["https:\/\/www.facebook.com\/studiolegaledaneluzzi","https:\/\/www.instagram.com\/studiolegaledaneluzzi","https:\/\/www.linkedin.com\/company\/studiolegaledaneluzzi\/"],"description":"Studio Legale con Avvocati Amministrativisti e del lavoro (giuslavoristi)","email":"info@studiolegaledaneluzzi.it","telephone":"+39 0422 491006","legalName":"Studio Legale Daneluzzi","foundingDate":"2004-01-01","numberOfEmployees":{"@type":"QuantitativeValue","minValue":"1","maxValue":"10"},"publishingPrinciples":"https:\/\/www.whydontdo.it\/studiolegaledaneluzzi\/privacy-gdpr-cookies\/","ownershipFundingInfo":"https:\/\/www.whydontdo.it\/studiolegaledaneluzzi\/privacy-gdpr-cookies\/","actionableFeedbackPolicy":"https:\/\/www.whydontdo.it\/studiolegaledaneluzzi\/privacy-gdpr-cookies\/","correctionsPolicy":"https:\/\/www.whydontdo.it\/studiolegaledaneluzzi\/privacy-gdpr-cookies\/","ethicsPolicy":"https:\/\/www.whydontdo.it\/studiolegaledaneluzzi\/privacy-gdpr-cookies\/"},{"@type":"Person","@id":"https:\/\/www.whydontdo.it\/studiolegaledaneluzzi\/#\/schema\/person\/1c79e582887e8ffc836645de47f4886c","name":"Avv. Chiara Daneluzzi","image":{"@type":"ImageObject","inLanguage":"it-IT","@id":"https:\/\/secure.gravatar.com\/avatar\/9b62efbedd9651dd7e69269564aa1773aaf74037f2be0fe3b45e41e4931fa911?s=96&d=mm&r=g","url":"https:\/\/secure.gravatar.com\/avatar\/9b62efbedd9651dd7e69269564aa1773aaf74037f2be0fe3b45e41e4931fa911?s=96&d=mm&r=g","contentUrl":"https:\/\/secure.gravatar.com\/avatar\/9b62efbedd9651dd7e69269564aa1773aaf74037f2be0fe3b45e41e4931fa911?s=96&d=mm&r=g","caption":"Avv. Chiara Daneluzzi"},"description":"Laureata in Giurisprudenza all'Universit\u00e0 di Trieste, l'Avv. Chiara Daneluzzi svolge la pratica forense dal 1999 occupandosi di diritto del lavoro, pubblico e privato, e di diritto amministrativo. \u00c8 membro del direttivo veneto dell\u2019Avvocati Giuslavoristi Italiani (AGI) e fa parte degli Avvocati Amministrativisti Veneti. Fonda lo Studio Legale Daneluzzi nel 2013, continuando ad occuparsi in maniera prevalente del diritto del lavoro e diritto amministrativo. Diventa Cassazionista nel 2016. \u00c8 referente legale del sindacato di polizia COISP Venezia e regionale, e del sindacato dei medici SNAMI Venezia. Opera a Venezia, Treviso e Pordenone.","sameAs":["https:\/\/www.studiolegaledaneluzzi.it","https:\/\/www.facebook.com\/studiolegaledaneluzzi","https:\/\/www.instagram.com\/studiolegaledaneluzzi\/","https:\/\/www.linkedin.com\/company\/studiolegaledaneluzzi"],"honorificPrefix":"Avv.","gender":"donna","knowsAbout":["diritto del lavoro","diritto amministrativo","cassazionista"],"knowsLanguage":["italiano","inglese"],"url":"https:\/\/www.whydontdo.it\/studiolegaledaneluzzi\/author\/chiarad\/"}]}},"jetpack_publicize_connections":[],"_links":{"self":[{"href":"https:\/\/www.whydontdo.it\/studiolegaledaneluzzi\/wp-json\/wp\/v2\/posts\/2452","targetHints":{"allow":["GET"]}}],"collection":[{"href":"https:\/\/www.whydontdo.it\/studiolegaledaneluzzi\/wp-json\/wp\/v2\/posts"}],"about":[{"href":"https:\/\/www.whydontdo.it\/studiolegaledaneluzzi\/wp-json\/wp\/v2\/types\/post"}],"author":[{"embeddable":true,"href":"https:\/\/www.whydontdo.it\/studiolegaledaneluzzi\/wp-json\/wp\/v2\/users\/4"}],"replies":[{"embeddable":true,"href":"https:\/\/www.whydontdo.it\/studiolegaledaneluzzi\/wp-json\/wp\/v2\/comments?post=2452"}],"version-history":[{"count":17,"href":"https:\/\/www.whydontdo.it\/studiolegaledaneluzzi\/wp-json\/wp\/v2\/posts\/2452\/revisions"}],"predecessor-version":[{"id":10030,"href":"https:\/\/www.whydontdo.it\/studiolegaledaneluzzi\/wp-json\/wp\/v2\/posts\/2452\/revisions\/10030"}],"wp:featuredmedia":[{"embeddable":true,"href":"https:\/\/www.whydontdo.it\/studiolegaledaneluzzi\/wp-json\/wp\/v2\/media\/2768"}],"wp:attachment":[{"href":"https:\/\/www.whydontdo.it\/studiolegaledaneluzzi\/wp-json\/wp\/v2\/media?parent=2452"}],"wp:term":[{"taxonomy":"category","embeddable":true,"href":"https:\/\/www.whydontdo.it\/studiolegaledaneluzzi\/wp-json\/wp\/v2\/categories?post=2452"},{"taxonomy":"post_tag","embeddable":true,"href":"https:\/\/www.whydontdo.it\/studiolegaledaneluzzi\/wp-json\/wp\/v2\/tags?post=2452"},{"taxonomy":"series","embeddable":true,"href":"https:\/\/www.whydontdo.it\/studiolegaledaneluzzi\/wp-json\/wp\/v2\/series?post=2452"}],"curies":[{"name":"wp","href":"https:\/\/api.w.org\/{rel}","templated":true}]}}