
{"id":560,"date":"2026-01-08T15:42:46","date_gmt":"2026-01-08T14:42:46","guid":{"rendered":"https:\/\/www.whydontdo.it\/studiolegaledaneluzzi\/?p=560"},"modified":"2026-03-31T09:43:53","modified_gmt":"2026-03-31T07:43:53","slug":"pubblica-amministrazione-non-risponde","status":"publish","type":"post","link":"https:\/\/www.whydontdo.it\/studiolegaledaneluzzi\/pubblica-amministrazione-non-risponde\/","title":{"rendered":"La Pubblica Amministrazione non risponde?"},"content":{"rendered":"\n<p class=\"wp-block-paragraph\">Nel presente articolo ci occupiamo dei rimedi contro il silenzio o l&#8217;inerzia della Pubblica Amministrazione. Infatti, quando una amministrazione non risponde alle nostre richieste, non siamo costretti a mettercela semplicemente via. La legge predispone dei rimedi efficaci per questa situazione, e sono anche piuttosto veloci. <\/p>\n\n\n\n<p class=\"wp-block-paragraph\">Quanto spieghiamo di seguito vale in linea di massima, con poche differenze, <strong>sia per il privato cittadino che per l&#8217;azienda<\/strong>: vediamo quindi le tutele esistenti.<\/p>\n\n\n\n<p class=\"yoast-reading-time__wrapper\"><span class=\"yoast-reading-time__icon\"><svg aria-hidden=\"true\" focusable=\"false\" data-icon=\"clock\" width=\"20\" height=\"20\" fill=\"none\" stroke=\"currentColor\" style=\"display:inline-block;vertical-align:-0.1em\" role=\"img\" xmlns=\"http:\/\/www.w3.org\/2000\/svg\" viewBox=\"0 0 24 24\"><path stroke-linecap=\"round\" stroke-linejoin=\"round\" stroke-width=\"2\" d=\"M12 8v4l3 3m6-3a9 9 0 11-18 0 9 9 0 0118 0z\"><\/path><\/svg><\/span><span class=\"yoast-reading-time__spacer\" style=\"display:inline-block;width:1em\"><\/span><span class=\"yoast-reading-time__descriptive-text\">tempo di lettura: <\/span><span class=\"yoast-reading-time__reading-time\">8<\/span><span class=\"yoast-reading-time__time-unit\"> minuti<\/span><\/p>\n\n\n\n<div class=\"wp-block-yoast-seo-table-of-contents yoast-table-of-contents\"><h2>In questo articolo<\/h2><ul><li><a href=\"#h-quando-e-un-azienda-ad-aspettare\" data-level=\"2\">Quando \u00e8 un&#8217;azienda ad aspettare<\/a><\/li><li><a href=\"#h-cosa-dice-la-normativa-con-la-legge-n-241-1990\" data-level=\"2\">Cosa dice la normativa con la legge n.241\/1990?<\/a><\/li><li><a href=\"#h-se-l-amministrazione-non-risponde-all-azienda-e-continua-ad-ignorarla\" data-level=\"2\">Se l&#8217;amministrazione non risponde all&#8217;azienda e continua ad ignorarla?<\/a><ul><li><a href=\"#h-un-caso-di-successo-dello-studio-il-comune-di-cortina-costretto-a-provvedere\" data-level=\"3\">Un caso di successo dello Studio: il Comune di Cortina costretto a provvedere<\/a><\/li><\/ul><\/li><li><a href=\"#h-se-l-amministrazione-non-risponde-al-privato-cittadino\" data-level=\"2\">Se l&#8217;Amministrazione non risponde al privato cittadino<\/a><ul><li><a href=\"#h-un-caso-recente-al-tar-fvg\" data-level=\"3\">Un caso recente al TAR FVG<\/a><\/li><\/ul><\/li><li><a href=\"#h-in-conclusione-alcuni-suggerimenti\" data-level=\"2\">In conclusione, alcuni suggerimenti<\/a><\/li><\/ul><\/div>\n\n\n\n<h2 class=\"wp-block-heading\" id=\"h-quando-e-un-azienda-ad-aspettare\">Quando \u00e8 un&#8217;azienda ad aspettare<\/h2>\n\n\n\n<p class=\"wp-block-paragraph\">In alcuni casi, il silenzio dell&#8217;Amministrazione pu\u00f2 causare un danno economico anche molto elevato.<\/p>\n\n\n\n<p class=\"wp-block-paragraph\">Questo accade ad esempio quando ad aspettare una risposta \u00e8 una societ\u00e0 che deve costruire uno o pi\u00f9 immobili.<br>L&#8217;impresa pu\u00f2 attendere il rilascio di un <a href=\"https:\/\/www.whydontdo.it\/studiolegaledaneluzzi\/possono-impedirmi-di-costruire\/\">permesso per costruire<\/a>, o l&#8217;avanzamento di un progetto, o ha in corso una pratica di edilizia convenzionata ai sensi dell&#8217;art. <strong>28-bis del DPR n. 380\/2001<\/strong>, o sta portando avanti una <strong>lottizzazione<\/strong>.<\/p>\n\n\n\n<p class=\"wp-block-paragraph\">In tutte queste situazioni di solito sono in ballo investimenti ingenti, che non possono rimanere fermi per mesi senza risposte. Quando si sa che i progetti sono completi, e che non ci sono reali ragioni perch\u00e9 l&#8217;amministrazione non proceda, si pu\u00f2 imporre alla PA di concludere il procedimento senza continuare a temporeggiare.<\/p>\n\n\n\n<h2 class=\"wp-block-heading\" id=\"h-cosa-dice-la-normativa-con-la-legge-n-241-1990\">Cosa dice la normativa con la legge n.241\/1990?<\/h2>\n\n\n\n<p class=\"wp-block-paragraph\">In questa situazione l&#8217;arma \u00e8 la <strong><a href=\"https:\/\/www.normattiva.it\/uri-res\/N2Ls?urn:nir:stato:legge:1990-08-07;241#:~:text=La%20pubblica%20amministrazione%20non%20puo,e%20della%20buona%20fede)).\" target=\"_blank\" rel=\"noreferrer noopener nofollow\">Legge n. 241\/1990<\/a><\/strong>, cio\u00e8 la <strong>legge sul procedimento amministrativo<\/strong>. Questa legge fondamentale regola il modo in cui la pubblica amministrazione deve operare. Infatti l&#8217;art.1 precisa che l&#8217;azione amministrativa deve rispettare i <a href=\"https:\/\/www.whydontdo.it\/studiolegaledaneluzzi\/series\/principi-cardine-pubblica-amministrazione\/\">principi dell&#8217;azione amministrativa<\/a>: <a href=\"https:\/\/www.whydontdo.it\/studiolegaledaneluzzi\/principio-di-economicita\/\">economicit\u00e0<\/a>, <a href=\"https:\/\/www.whydontdo.it\/studiolegaledaneluzzi\/principio-di-legalita\/\" type=\"post\" id=\"8193\">legalit\u00e0<\/a>, <a href=\"https:\/\/www.whydontdo.it\/studiolegaledaneluzzi\/principio-di-efficienza\/\">efficienza<\/a>, <a href=\"https:\/\/www.whydontdo.it\/studiolegaledaneluzzi\/principio-efficacia\/\">efficacia<\/a>, <a href=\"https:\/\/www.whydontdo.it\/studiolegaledaneluzzi\/il-principio-di-trasparenza\/\">trasparenza<\/a> ed <a href=\"https:\/\/www.whydontdo.it\/studiolegaledaneluzzi\/il-principio-di-imparzialita\/\">imparzialit\u00e0<\/a>. Inoltre si esprime con il <em>procedimento<\/em>, ossia una precisa sequenza di azioni prevista dalla legge che termina nel <em>provvedimento<\/em> finale, cio\u00e8 la decisione.<\/p>\n\n\n\n<p class=\"wp-block-paragraph\">Infatti l&#8217;altro principio cardine \u00e8 quello indicato all&#8217;art. 2: <strong>la PA deve sempre concludere il procedimento con un provvedimento espresso<\/strong>, tranne nei casi in cui la legge dispone che anche il silenzio valga come provvedimento. \u00c8 il caso del cosiddetto &#8220;<em>silenzio assenso<\/em>&#8220;, ma non ne parleremo qui.<\/p>\n\n\n\n<div class=\"wp-block-buttons is-content-justification-center is-layout-flex wp-container-core-buttons-is-layout-fe48e5de wp-block-buttons-is-layout-flex\">\n<div class=\"wp-block-button is-style-outline margin-bottom-10 is-style-outline--1\"><a class=\"wp-block-button__link has-contrast-2-color has-contrast-3-background-color has-text-color has-background wp-element-button\" href=\"https:\/\/www.whydontdo.it\/studiolegaledaneluzzi\/silenzio-assenso-vale-sempre\/\" style=\"border-radius:8px\">LEGGI DI PIU\u2019 NELL&#8217;ARTICOLO SUL &#8220;<em>SILENZIO-ASSENSO&#8221;<\/em><\/a><\/div>\n<\/div>\n\n\n\n<h2 class=\"wp-block-heading has-medium-font-size\" id=\"h-se-l-amministrazione-non-risponde-all-azienda-e-continua-ad-ignorarla\">Se l&#8217;amministrazione non risponde all&#8217;azienda e continua ad ignorarla?<\/h2>\n\n\n\n<p class=\"wp-block-paragraph\">La pubblica amministrazione non pu\u00f2 ignorare una istanza e non rispondere, magari per mesi. Deve per forza riscontrare, In modo positivo o negando quanto viene richiesto, ma deve rispondere.<\/p>\n\n\n\n<p class=\"wp-block-paragraph\">Poi l&#8217;azienda potr\u00e0 eventualmente ricorrere al TAR se ritiene illegittima la risposta e chiedere l&#8217;annullamento dell&#8217;atto. Inoltre l&#8217;amministrazione deve rispondere entro 30 giorni dalla domanda, se non ha stabilito con regolamento o legge un termine diverso, come ad esempio nel caso del D.P.R. n. 380\/01 (Testo Unico sull&#8217;edilizia), che prevede precise tempistiche per i rilasci dei titoli autorizzativi.<\/p>\n\n\n\n<p class=\"wp-block-paragraph\">Quello che importa, comunque, \u00e8 che in nessun caso l&#8217;Amministrazione pu\u00f2 fare a meno di dare una risposta, e tenere congelata una pratica per mesi senza dare notizie. Questo \u00e8 vietato dalla legge, e quindi se succede consente la tutela in giudizio: e si tratta di una tutela anche molto rapida.<\/p>\n\n\n\n<div class=\"wp-block-cover\"><span aria-hidden=\"true\" class=\"wp-block-cover__background has-background-dim\"><\/span><div class=\"wp-block-cover__inner-container is-layout-flow wp-block-cover-is-layout-flow\">\n<div class=\"wp-block-group\"><div class=\"wp-block-group__inner-container is-layout-constrained wp-block-group-is-layout-constrained\">\n<h3 class=\"wp-block-heading\" id=\"h-un-caso-di-successo-dello-studio-il-comune-di-cortina-costretto-a-provvedere\">Un caso di successo dello Studio: il Comune di Cortina costretto a provvedere<\/h3>\n\n\n\n<p class=\"wp-block-paragraph\">Con un ricorso al TAR si pu\u00f2 ottenere anche molto rapidamente di costringere l&#8217;Amministrazione a provvedere, cio\u00e8 emettere un provvedimento decisorio, in un senso o nell&#8217;altro. Poi, se si ritiene il provvedimento non corretto, si potr\u00e0 impugnare anche quello, con il giudizio di cognizione ordinario. Ma avverso il silenzio della PA si procede con una azione specifica, dalle tempistiche veloci, prevista dall&#8217;art. 117 del C.P.A., o Codice del processo amministrativo.<\/p>\n\n\n\n<p class=\"wp-block-paragraph\">Nel caso recentemente trattato dallo studio, un imprenditore si vedeva bloccare da oltre un anno una istanza di modifica di destinazione d&#8217;uso di un immobile nella nota localit\u00e0 di villeggiatura. Il Comune aveva gi\u00e0 perso in precedenza un altro ricorso con lo stesso ricorrente, ma non dava pi\u00f9 seguito alla pratica che quindi rimaneva bloccata. Inutili tutti i colloqui e le sollecitazioni ai funzionari degli uffici preposti, che da mesi prendevano tempo senza per\u00f2 dare risposte.<\/p>\n\n\n\n<p class=\"wp-block-paragraph\">Il Cliente si \u00e8 quindi rivolto al nostro studio: abbiamo proposto il c.d. ricorso avverso il silenzio della P.A., e nel giro di poco tempo il TAR Veneto ha ordinato al Comune di emettere il provvedimento, condannandolo anche a rimborsare al nostro Cliente le spese legali!<\/p>\n<\/div><\/div>\n\n\n\n<div class=\"wp-block-file\"><a id=\"wp-block-file--media-3534a060-84ab-4738-b08a-b4d43e7ca4b8\" href=\"https:\/\/www.whydontdo.it\/studiolegaledaneluzzi\/wp-content\/uploads\/sites\/7\/2025\/11\/sentenza-TAR-Veneto-Comune-di-Cortina-N.-01282_2025-REG-RIC-64f69395-7e5d-465f-a16b-bbbac6965685.pdf\" target=\"_blank\" rel=\"noreferrer noopener\">sentenza TAR Veneto-Comune di Cortina N. 01282_2025<\/a><a href=\"https:\/\/www.whydontdo.it\/studiolegaledaneluzzi\/wp-content\/uploads\/sites\/7\/2025\/11\/sentenza-TAR-Veneto-Comune-di-Cortina-N.-01282_2025-REG-RIC-64f69395-7e5d-465f-a16b-bbbac6965685.pdf\" class=\"wp-block-file__button wp-element-button\" download aria-describedby=\"wp-block-file--media-3534a060-84ab-4738-b08a-b4d43e7ca4b8\">Scarica qui<\/a><\/div>\n<\/div><\/div>\n\n\n\n<div style=\"height:10px\" aria-hidden=\"true\" class=\"wp-block-spacer\"><\/div>\n\n\n\n<h2 class=\"wp-block-heading\" id=\"h-se-l-amministrazione-non-risponde-al-privato-cittadino\">Se l&#8217;Amministrazione non risponde al privato cittadino<\/h2>\n\n\n\n<p class=\"wp-block-paragraph\">La legge garantisce anche al privato cittadino tutela per la prepotenza della pubblica amministrazione che ignori le sue richieste. Anche in questo caso, lo scudo normativo \u00e8 rappresentato dall&#8217;<strong><a href=\"https:\/\/www.normattiva.it\/uri-res\/N2Ls?urn:nir:stato:legge:1990-08-07;241\" target=\"_blank\" rel=\"noreferrer noopener nofollow\">art. 2 della L. 241\/1990<\/a><\/strong> che disciplina il procedimento amministrativo.<br>Questo articolo impone alle amministrazioni di rispondere sempre e comunque con un provvedimento espresso ad ogni istanza del cittadino. E assegna anche il termine massimo di 30 giorni per provvedere, a meno che la PA non abbia adottato con regolamento un diverso termine.<br>\u00c9 per\u00f2 indispensabile che il privato abbia correttamente inoltrato una istanza o richiesta. Il modo pi\u00f9 semplice \u00e8 con l&#8217;invio di una PEC. Al riguardo, ti invitiamo ad approfondire in questo articolo come funziona.<\/p>\n\n\n\n<div class=\"wp-block-buttons is-content-justification-center is-layout-flex wp-container-core-buttons-is-layout-fe48e5de wp-block-buttons-is-layout-flex\">\n<div class=\"wp-block-button is-style-outline margin-bottom-10 is-style-outline--2\"><a class=\"wp-block-button__link has-contrast-3-background-color has-background wp-element-button\" href=\"https:\/\/www.whydontdo.it\/studiolegaledaneluzzi\/pec-casella-piena-che-non-riceve\/\" style=\"border-radius:8px\">Vai all&#8217;articolo &#8220;PEC, casella piena o che non riceve&#8221;<\/a><\/div>\n<\/div>\n\n\n\n<div class=\"wp-block-cover alignwide\"><img loading=\"lazy\" decoding=\"async\" width=\"802\" height=\"648\" class=\"wp-block-cover__image-background wp-image-621\" alt=\"pubblica amministrazione non risponde donna  al telefono\" src=\"https:\/\/www.whydontdo.it\/studiolegaledaneluzzi\/wp-content\/uploads\/sites\/7\/2022\/03\/amministrazione-non-risponde-studio-legale-daneluzzi.jpg\" style=\"object-position:43% 4%\" data-object-fit=\"cover\" data-object-position=\"43% 4%\" srcset=\"https:\/\/www.whydontdo.it\/studiolegaledaneluzzi\/wp-content\/uploads\/sites\/7\/2022\/03\/amministrazione-non-risponde-studio-legale-daneluzzi.jpg 802w, https:\/\/www.whydontdo.it\/studiolegaledaneluzzi\/wp-content\/uploads\/sites\/7\/2022\/03\/amministrazione-non-risponde-studio-legale-daneluzzi-300x242.jpg 300w, https:\/\/www.whydontdo.it\/studiolegaledaneluzzi\/wp-content\/uploads\/sites\/7\/2022\/03\/amministrazione-non-risponde-studio-legale-daneluzzi-768x621.jpg 768w, https:\/\/www.whydontdo.it\/studiolegaledaneluzzi\/wp-content\/uploads\/sites\/7\/2022\/03\/amministrazione-non-risponde-studio-legale-daneluzzi-15x12.jpg 15w\" sizes=\"auto, (max-width: 802px) 100vw, 802px\" \/><span aria-hidden=\"true\" class=\"wp-block-cover__background has-background-dim-70 has-background-dim\"><\/span><div class=\"wp-block-cover__inner-container is-layout-flow wp-block-cover-is-layout-flow\">\n<h3 class=\"wp-block-heading has-base-color has-text-color has-large-font-size\" id=\"h-un-caso-recente-al-tar-fvg\">Un caso recente al TAR FVG<\/h3>\n\n\n\n<p class=\"has-base-color has-text-color wp-block-paragraph\">Una Prefettura aveva revocato il porto d&#8217;armi ad un cliente congedatosi dall&#8217;Esercito per stress. L&#8217;amministrazione non lo riteneva pi\u00f9 affidabile nell&#8217;uso delle armi. Dopo diversi anni, l&#8217;uomo aveva chiesto il riesame del provvedimento dato che la sua situazione nel frattempo era cambiata, come specialisti ed ospedali avevano accertato. Tuttavia l&#8217;amministrazione non riscontrava le sue domande e nemmeno quella presentata poi dal suo avvocato.<\/p>\n\n\n\n<p class=\"has-base-2-color has-text-color wp-block-paragraph\">Cos\u00ec il cliente ricorreva al TAR per far accertare il proprio diritto ad avere una risposta e anche ad averla positiva.<\/p>\n\n\n\n<p class=\"has-base-2-color has-text-color wp-block-paragraph\">E il TAR del Friuli Venezia Giulia, con la sentenza che alleghiamo, resa in pochi mesi, ha dato ragione al nostro cliente proprio grazie alla Legge 241\/1990. Tra l&#8217;altro il TAR precisa che normalmente l&#8217;amministrazione non sarebbe obbligata a rispondere ad una richiesta di <em>revoca<\/em> di un <em>provvedimento negativo<\/em>. Ma lo \u00e8 se il provvedimento ha una durata tendenzialmente illimitata perch\u00e9 questo contrasta con il principio generale della temporaneit\u00e0 dei provvedimenti limitativi della sfera giuridica dei cittadini. Cos\u00ec il TAR FVG ha ordinato alla Prefettura di provvedere sull&#8217;istanza di riesame del cliente. In seguito, per la cronaca, la PA gli ha anche rinnovato il porto d&#8217;armi.<\/p>\n\n\n\n<div class=\"wp-block-file\"><a id=\"wp-block-file--media-17cce9d3-9413-4f4c-8263-1b7942d192d3\" href=\"https:\/\/www.whydontdo.it\/studiolegaledaneluzzi\/wp-content\/uploads\/sites\/7\/2022\/03\/sentenza-TAR_FVG_98_2020.pdf\">LEGGI QUI la sentenza del TAR Friuli Venezia Giulia nr.98\/2020<\/a><a href=\"https:\/\/www.whydontdo.it\/studiolegaledaneluzzi\/wp-content\/uploads\/sites\/7\/2022\/03\/sentenza-TAR_FVG_98_2020.pdf\" class=\"wp-block-file__button wp-element-button\" download aria-describedby=\"wp-block-file--media-17cce9d3-9413-4f4c-8263-1b7942d192d3\">Download<\/a><\/div>\n<\/div><\/div>\n\n\n\n<div class=\"wp-block-cover alignwide has-contrast-color has-text-color has-link-color wp-elements-1 wp-duotone-grayscale\" style=\"min-height:217px;aspect-ratio:unset;\"><img loading=\"lazy\" decoding=\"async\" width=\"802\" height=\"648\" class=\"wp-block-cover__image-background wp-image-621 size-full\" alt=\"amministrazione-non-risponde-studio-legale-daneluzzi\" src=\"https:\/\/www.whydontdo.it\/studiolegaledaneluzzi\/wp-content\/uploads\/sites\/7\/2022\/03\/amministrazione-non-risponde-studio-legale-daneluzzi.jpg\" data-object-fit=\"cover\" srcset=\"https:\/\/www.whydontdo.it\/studiolegaledaneluzzi\/wp-content\/uploads\/sites\/7\/2022\/03\/amministrazione-non-risponde-studio-legale-daneluzzi.jpg 802w, https:\/\/www.whydontdo.it\/studiolegaledaneluzzi\/wp-content\/uploads\/sites\/7\/2022\/03\/amministrazione-non-risponde-studio-legale-daneluzzi-300x242.jpg 300w, https:\/\/www.whydontdo.it\/studiolegaledaneluzzi\/wp-content\/uploads\/sites\/7\/2022\/03\/amministrazione-non-risponde-studio-legale-daneluzzi-768x621.jpg 768w, https:\/\/www.whydontdo.it\/studiolegaledaneluzzi\/wp-content\/uploads\/sites\/7\/2022\/03\/amministrazione-non-risponde-studio-legale-daneluzzi-15x12.jpg 15w\" sizes=\"auto, (max-width: 802px) 100vw, 802px\" \/><span aria-hidden=\"true\" class=\"wp-block-cover__background has-base-3-background-color has-background-dim-80 has-background-dim\"><\/span><div class=\"wp-block-cover__inner-container is-layout-flow wp-block-cover-is-layout-flow\">\n<p class=\"wp-block-paragraph\">A volte, in casi particolari, la Pubblica Amministrazione pu\u00f2 essere chiamata in causa al posto di un ente privato che gode di un appalto pubblico, come ad esempio una cooperativa di servizi.<\/p>\n\n\n\n<div class=\"wp-block-buttons is-layout-flex wp-block-buttons-is-layout-flex\">\n<div class=\"wp-block-button has-custom-width wp-block-button__width-100\"><a class=\"wp-block-button__link wp-element-button\" href=\"https:\/\/www.whydontdo.it\/studiolegaledaneluzzi\/se-la-cooperativa-non-paga\/\">LEGGI  DI PI\u00d9 NELL&#8217;ARTICOLO &#8216;E SE LA COOPERATIVA NON PAGA?&#8217;<\/a><\/div>\n<\/div>\n<\/div><\/div>\n\n\n\n<h2 class=\"wp-block-heading\" id=\"h-in-conclusione-alcuni-suggerimenti\">In conclusione, alcuni suggerimenti<\/h2>\n\n\n\n<p class=\"wp-block-paragraph\">Come prima cosa, assicuriamoci di presentare correttamente una domanda all&#8217;amministrazione. Dopodich\u00e9 controlliamo se ci risponde entro 30 giorni. Se non ci risponde possiamo rivolgerci all&#8217;avvocato amministrativista che ci aiuter\u00e0 a far rispettare i nostri diritti.<\/p>\n\n\n\n<h3 id=\"h-lo-studio-e-abilitato-a-trattare-diritto-amministrativo\" class=\"wp-block-heading\">Lo Studio \u00e8 abilitato a trattare diritto amministrativo?<\/h3>\n\n\n\n<p class=\"wp-block-paragraph\">Sicuramente\u00a0<strong>S\u00cc<\/strong>. Lo Studio Legale Daneluzzi tratta da decenni di\u00a0<em><a href=\"https:\/\/www.whydontdo.it\/studiolegaledaneluzzi\/diritto-amministrativo\/\" target=\"_blank\" rel=\"noreferrer noopener\">diritto amministrativo<\/a><\/em>, ottenendo\u00a0<a href=\"https:\/\/www.whydontdo.it\/studiolegaledaneluzzi\/category\/successi\/\">molti successi in materia<\/a>.<br>L&#8217;avv. Chiara Daneluzzi \u00e8\u00a0<strong>avvocato amministrativista sin dal 1999<\/strong>, tratta ed \u00e8 esperto in\u00a0<em>controversie con la Pubblica Amministrazione<\/em>\u00a0ed \u00e8 membro della prestigiosa\u00a0<em><a href=\"http:\/\/www.amministrativistiveneti.it\/elenco-associati\/\" target=\"_blank\" rel=\"noreferrer noopener\">Associazione Avvocati Amministrativisti<\/a><\/em>. Lo Studio pu\u00f2 offrire sia\u00a0<em>consulenza<\/em>\u00a0che\u00a0<em>assisterti in giudizio<\/em>\u00a0e patrocina\u00a0<strong>ricorsi avanti TAR<\/strong>\u00a0e\u00a0<strong>Consiglio di Stato<\/strong>, nonch\u00e9 avanti la <strong>Corte dei Conti<\/strong>, essendo l\u2019avv. Daneluzzi anche\u00a0<a href=\"https:\/\/www.whydontdo.it\/studiolegaledaneluzzi\/avvocato-cassazionista\/\">Cassazionista<\/a>.<br><strong>Affidatevi a noi con fiducia<\/strong>\u00a0nelle\u00a0<a href=\"https:\/\/www.whydontdo.it\/studiolegaledaneluzzi\/avvocato-amministrativista-a-treviso-e-venezia\/\" target=\"_blank\" rel=\"noreferrer noopener\">sedi di Venezia, Treviso e Pordenone<\/a>.<\/p>\n\n\n\n<div class=\"wp-block-buttons is-content-justification-center is-layout-flex wp-container-core-buttons-is-layout-fe48e5de wp-block-buttons-is-layout-flex\">\n<div class=\"wp-block-button has-custom-width wp-block-button__width-100 is-style-fill\"><a class=\"wp-block-button__link has-text-align-center wp-element-button\" href=\"#contatti\" style=\"border-radius:6px\">CONTATTA LO STUDIO<\/a><\/div>\n<\/div>\n\n\n\n<div style=\"height:10px\" aria-hidden=\"true\" class=\"wp-block-spacer\"><\/div>\n\n\n<p class=\"has-text-align-center wp-block-site-tagline has-small-font-size\">Professionalit\u00e0 e Competenza dalla TUA parte<\/p>","protected":false},"excerpt":{"rendered":"<p>Cosa fare se la Pubblica Amministrazione non risponde? come ci dobbiamo comportare? Nell&#8217;articolo, alcuni consigli non scontati<\/p>\n","protected":false},"author":4,"featured_media":9288,"comment_status":"closed","ping_status":"open","sticky":false,"template":"","format":"standard","meta":{"_mbp_gutenberg_autopost":false,"_themeisle_gutenberg_block_has_review":false,"footnotes":"","jetpack_publicize_message":"","jetpack_publicize_feature_enabled":false,"jetpack_social_post_already_shared":true,"jetpack_social_options":{"image_generator_settings":{"template":"highway","default_image_id":0,"font":"","enabled":false},"version":2}},"categories":[141,143,342,48,142,129],"tags":[464,465,49,43,121,466,50],"series":[],"class_list":["post-560","post","type-post","status-publish","format-standard","has-post-thumbnail","hentry","category-coisp","category-concorsi","category-faq","category-pubblica-amministrazione","category-snami","category-urbanistica-e-appalti","tag-edilizia-convenzionata","tag-lottizzazione","tag-pa","tag-pec","tag-permesso-di-costruire","tag-piano-di-lottizzazione","tag-pubblica-amministrazione"],"pp_statuses_selecting_workflow":false,"pp_workflow_action":"current","pp_status_selection":"publish","yoast_head":"<!-- This site is optimized with the Yoast SEO Premium plugin v28.2 (Yoast SEO v28.4) - https:\/\/yoast.com\/product\/yoast-seo-premium-wordpress\/ -->\n<title>La Pubblica Amministrazione non risponde? &#187; Studio Legale Daneluzzi<\/title>\n<meta name=\"description\" content=\"Cosa fare se la Pubblica Amministrazione non risponde? come ci dobbiamo comportare? Nell&#039;articolo, alcuni consigli non scontati\" \/>\n<meta name=\"robots\" content=\"index, follow, max-snippet:-1, max-image-preview:large, max-video-preview:-1\" \/>\n<link rel=\"canonical\" href=\"https:\/\/www.whydontdo.it\/studiolegaledaneluzzi\/pubblica-amministrazione-non-risponde\/\" \/>\n<meta property=\"og:locale\" content=\"it_IT\" \/>\n<meta property=\"og:type\" content=\"article\" \/>\n<meta property=\"og:title\" content=\"La Pubblica Amministrazione non risponde? &#187; Studio Legale Daneluzzi\" \/>\n<meta property=\"og:description\" content=\"Cosa fare se la Pubblica Amministrazione non risponde? come ci dobbiamo comportare? Nell&#039;articolo, alcuni consigli non scontati\" \/>\n<meta property=\"og:url\" content=\"https:\/\/www.whydontdo.it\/studiolegaledaneluzzi\/pubblica-amministrazione-non-risponde\/\" \/>\n<meta property=\"og:site_name\" content=\"Studio Legale Daneluzzi\" \/>\n<meta property=\"article:publisher\" content=\"https:\/\/www.facebook.com\/studiolegaledaneluzzi\" \/>\n<meta property=\"article:author\" content=\"https:\/\/www.facebook.com\/studiolegaledaneluzzi\" \/>\n<meta property=\"article:published_time\" content=\"2026-01-08T14:42:46+00:00\" \/>\n<meta property=\"article:modified_time\" content=\"2026-03-31T07:43:53+00:00\" \/>\n<meta property=\"og:image\" content=\"https:\/\/www.whydontdo.it\/studiolegaledaneluzzi\/wp-content\/uploads\/sites\/7\/2022\/03\/La-Pubblica-Amministrazione-non-risponde-L-241-1990-PA-Diritto-Avvocato-a-Treviso-Avvocato-a-Preganziol-Studio-Legale-Daneluzzi.png\" \/>\n\t<meta property=\"og:image:width\" content=\"1280\" \/>\n\t<meta property=\"og:image:height\" content=\"720\" \/>\n\t<meta property=\"og:image:type\" content=\"image\/png\" \/>\n<meta name=\"author\" content=\"Avv. Chiara Daneluzzi\" \/>\n<meta name=\"twitter:card\" content=\"summary_large_image\" \/>\n<meta name=\"twitter:title\" content=\"Studio Legale Daneluzzi &#187;\" \/>\n<meta name=\"twitter:description\" content=\"Cosa fare se la Pubblica Amministrazione non risponde? come ci dobbiamo comportare? Nell&#039;articolo, alcuni consigli non scontati #pa #pubblicaamministrazione\" \/>\n<meta name=\"twitter:image\" content=\"https:\/\/www.whydontdo.it\/studiolegaledaneluzzi\/wp-content\/uploads\/sites\/7\/2022\/03\/La-Pubblica-Amministrazione-non-risponde-L-241-1990-PA-Diritto-Avvocato-a-Treviso-Avvocato-a-Preganziol-Studio-Legale-Daneluzzi.png\" \/>\n<script type=\"application\/ld+json\" class=\"yoast-schema-graph\">{\"@context\":\"https:\\\/\\\/schema.org\",\"@graph\":[{\"@type\":\"Article\",\"@id\":\"https:\\\/\\\/www.whydontdo.it\\\/studiolegaledaneluzzi\\\/pubblica-amministrazione-non-risponde\\\/#article\",\"isPartOf\":{\"@id\":\"https:\\\/\\\/www.whydontdo.it\\\/studiolegaledaneluzzi\\\/pubblica-amministrazione-non-risponde\\\/\"},\"author\":{\"name\":\"Avv. Chiara Daneluzzi\",\"@id\":\"https:\\\/\\\/www.whydontdo.it\\\/studiolegaledaneluzzi\\\/#\\\/schema\\\/person\\\/1c79e582887e8ffc836645de47f4886c\"},\"headline\":\"La Pubblica Amministrazione non risponde?\",\"datePublished\":\"2026-01-08T14:42:46+00:00\",\"dateModified\":\"2026-03-31T07:43:53+00:00\",\"mainEntityOfPage\":{\"@id\":\"https:\\\/\\\/www.whydontdo.it\\\/studiolegaledaneluzzi\\\/pubblica-amministrazione-non-risponde\\\/\"},\"wordCount\":1202,\"publisher\":{\"@id\":\"https:\\\/\\\/www.whydontdo.it\\\/studiolegaledaneluzzi\\\/#organization\"},\"image\":{\"@id\":\"https:\\\/\\\/www.whydontdo.it\\\/studiolegaledaneluzzi\\\/pubblica-amministrazione-non-risponde\\\/#primaryimage\"},\"thumbnailUrl\":\"https:\\\/\\\/www.whydontdo.it\\\/studiolegaledaneluzzi\\\/wp-content\\\/uploads\\\/sites\\\/7\\\/2022\\\/03\\\/La-Pubblica-Amministrazione-non-risponde-L-241-1990-PA-Diritto-Avvocato-a-Treviso-Avvocato-a-Preganziol-Studio-Legale-Daneluzzi.png\",\"keywords\":[\"edilizia convenzionata\",\"lottizzazione\",\"pa\",\"pec\",\"permesso di costruire\",\"piano di lottizzazione\",\"pubblica amministrazione\"],\"articleSection\":[\"COISP\",\"Concorsi\",\"FAQ\",\"Pubblica Amministrazione\",\"SNAMI\",\"Urbanistica e Appalti\"],\"inLanguage\":\"it-IT\",\"accessibilityFeature\":[\"tableOfContents\"]},{\"@type\":\"WebPage\",\"@id\":\"https:\\\/\\\/www.whydontdo.it\\\/studiolegaledaneluzzi\\\/pubblica-amministrazione-non-risponde\\\/\",\"url\":\"https:\\\/\\\/www.whydontdo.it\\\/studiolegaledaneluzzi\\\/pubblica-amministrazione-non-risponde\\\/\",\"name\":\"La Pubblica Amministrazione non risponde? &#187; Studio Legale Daneluzzi\",\"isPartOf\":{\"@id\":\"https:\\\/\\\/www.whydontdo.it\\\/studiolegaledaneluzzi\\\/#website\"},\"primaryImageOfPage\":{\"@id\":\"https:\\\/\\\/www.whydontdo.it\\\/studiolegaledaneluzzi\\\/pubblica-amministrazione-non-risponde\\\/#primaryimage\"},\"image\":{\"@id\":\"https:\\\/\\\/www.whydontdo.it\\\/studiolegaledaneluzzi\\\/pubblica-amministrazione-non-risponde\\\/#primaryimage\"},\"thumbnailUrl\":\"https:\\\/\\\/www.whydontdo.it\\\/studiolegaledaneluzzi\\\/wp-content\\\/uploads\\\/sites\\\/7\\\/2022\\\/03\\\/La-Pubblica-Amministrazione-non-risponde-L-241-1990-PA-Diritto-Avvocato-a-Treviso-Avvocato-a-Preganziol-Studio-Legale-Daneluzzi.png\",\"datePublished\":\"2026-01-08T14:42:46+00:00\",\"dateModified\":\"2026-03-31T07:43:53+00:00\",\"description\":\"Cosa fare se la Pubblica Amministrazione non risponde? come ci dobbiamo comportare? Nell'articolo, alcuni consigli non scontati\",\"breadcrumb\":{\"@id\":\"https:\\\/\\\/www.whydontdo.it\\\/studiolegaledaneluzzi\\\/pubblica-amministrazione-non-risponde\\\/#breadcrumb\"},\"inLanguage\":\"it-IT\",\"potentialAction\":[{\"@type\":\"ReadAction\",\"target\":[\"https:\\\/\\\/www.whydontdo.it\\\/studiolegaledaneluzzi\\\/pubblica-amministrazione-non-risponde\\\/\"]}]},{\"@type\":\"ImageObject\",\"inLanguage\":\"it-IT\",\"@id\":\"https:\\\/\\\/www.whydontdo.it\\\/studiolegaledaneluzzi\\\/pubblica-amministrazione-non-risponde\\\/#primaryimage\",\"url\":\"https:\\\/\\\/www.whydontdo.it\\\/studiolegaledaneluzzi\\\/wp-content\\\/uploads\\\/sites\\\/7\\\/2022\\\/03\\\/La-Pubblica-Amministrazione-non-risponde-L-241-1990-PA-Diritto-Avvocato-a-Treviso-Avvocato-a-Preganziol-Studio-Legale-Daneluzzi.png\",\"contentUrl\":\"https:\\\/\\\/www.whydontdo.it\\\/studiolegaledaneluzzi\\\/wp-content\\\/uploads\\\/sites\\\/7\\\/2022\\\/03\\\/La-Pubblica-Amministrazione-non-risponde-L-241-1990-PA-Diritto-Avvocato-a-Treviso-Avvocato-a-Preganziol-Studio-Legale-Daneluzzi.png\",\"width\":1280,\"height\":720,\"caption\":\"La Pubblica Amministrazione non risponde - L-241-1990 PA - Diritto - Avvocato a Treviso - Avvocato a Preganziol - Studio Legale Daneluzzi\"},{\"@type\":\"BreadcrumbList\",\"@id\":\"https:\\\/\\\/www.whydontdo.it\\\/studiolegaledaneluzzi\\\/pubblica-amministrazione-non-risponde\\\/#breadcrumb\",\"itemListElement\":[{\"@type\":\"ListItem\",\"position\":1,\"name\":\"Diritto Amministrativo (P.A.)\",\"item\":\"https:\\\/\\\/www.whydontdo.it\\\/studiolegaledaneluzzi\\\/category\\\/pubblica-amministrazione\\\/\"},{\"@type\":\"ListItem\",\"position\":2,\"name\":\"La Pubblica Amministrazione non risponde?\"}]},{\"@type\":\"WebSite\",\"@id\":\"https:\\\/\\\/www.whydontdo.it\\\/studiolegaledaneluzzi\\\/#website\",\"url\":\"https:\\\/\\\/www.whydontdo.it\\\/studiolegaledaneluzzi\\\/\",\"name\":\"Studio Legale Daneluzzi\",\"description\":\"Professionalit\u00e0 e Competenza dalla TUA parte\",\"publisher\":{\"@id\":\"https:\\\/\\\/www.whydontdo.it\\\/studiolegaledaneluzzi\\\/#organization\"},\"alternateName\":\"Avv. Daneluzzi\",\"potentialAction\":[{\"@type\":\"SearchAction\",\"target\":{\"@type\":\"EntryPoint\",\"urlTemplate\":\"https:\\\/\\\/www.whydontdo.it\\\/studiolegaledaneluzzi\\\/?s={search_term_string}\"},\"query-input\":{\"@type\":\"PropertyValueSpecification\",\"valueRequired\":true,\"valueName\":\"search_term_string\"}}],\"inLanguage\":\"it-IT\"},{\"@type\":\"Organization\",\"@id\":\"https:\\\/\\\/www.whydontdo.it\\\/studiolegaledaneluzzi\\\/#organization\",\"name\":\"Studio Legale Daneluzzi\",\"alternateName\":\"Avv. Daneluzzi\",\"url\":\"https:\\\/\\\/www.whydontdo.it\\\/studiolegaledaneluzzi\\\/\",\"logo\":{\"@type\":\"ImageObject\",\"inLanguage\":\"it-IT\",\"@id\":\"https:\\\/\\\/www.whydontdo.it\\\/studiolegaledaneluzzi\\\/#\\\/schema\\\/logo\\\/image\\\/\",\"url\":\"https:\\\/\\\/www.whydontdo.it\\\/studiolegaledaneluzzi\\\/wp-content\\\/uploads\\\/sites\\\/7\\\/2021\\\/11\\\/src-logo.png\",\"contentUrl\":\"https:\\\/\\\/www.whydontdo.it\\\/studiolegaledaneluzzi\\\/wp-content\\\/uploads\\\/sites\\\/7\\\/2021\\\/11\\\/src-logo.png\",\"width\":185,\"height\":185,\"caption\":\"Studio Legale Daneluzzi\"},\"image\":{\"@id\":\"https:\\\/\\\/www.whydontdo.it\\\/studiolegaledaneluzzi\\\/#\\\/schema\\\/logo\\\/image\\\/\"},\"sameAs\":[\"https:\\\/\\\/www.facebook.com\\\/studiolegaledaneluzzi\",\"https:\\\/\\\/www.instagram.com\\\/studiolegaledaneluzzi\",\"https:\\\/\\\/www.linkedin.com\\\/company\\\/studiolegaledaneluzzi\\\/\"],\"description\":\"Studio Legale con Avvocati Amministrativisti e del lavoro (giuslavoristi)\",\"email\":\"info@studiolegaledaneluzzi.it\",\"telephone\":\"+39 0422 491006\",\"legalName\":\"Studio Legale Daneluzzi\",\"foundingDate\":\"2004-01-01\",\"numberOfEmployees\":{\"@type\":\"QuantitativeValue\",\"minValue\":\"1\",\"maxValue\":\"10\"},\"publishingPrinciples\":\"https:\\\/\\\/www.whydontdo.it\\\/studiolegaledaneluzzi\\\/privacy-gdpr-cookies\\\/\",\"ownershipFundingInfo\":\"https:\\\/\\\/www.whydontdo.it\\\/studiolegaledaneluzzi\\\/privacy-gdpr-cookies\\\/\",\"actionableFeedbackPolicy\":\"https:\\\/\\\/www.whydontdo.it\\\/studiolegaledaneluzzi\\\/privacy-gdpr-cookies\\\/\",\"correctionsPolicy\":\"https:\\\/\\\/www.whydontdo.it\\\/studiolegaledaneluzzi\\\/privacy-gdpr-cookies\\\/\",\"ethicsPolicy\":\"https:\\\/\\\/www.whydontdo.it\\\/studiolegaledaneluzzi\\\/privacy-gdpr-cookies\\\/\"},{\"@type\":\"Person\",\"@id\":\"https:\\\/\\\/www.whydontdo.it\\\/studiolegaledaneluzzi\\\/#\\\/schema\\\/person\\\/1c79e582887e8ffc836645de47f4886c\",\"name\":\"Avv. Chiara Daneluzzi\",\"image\":{\"@type\":\"ImageObject\",\"inLanguage\":\"it-IT\",\"@id\":\"https:\\\/\\\/secure.gravatar.com\\\/avatar\\\/9b62efbedd9651dd7e69269564aa1773aaf74037f2be0fe3b45e41e4931fa911?s=96&d=mm&r=g\",\"url\":\"https:\\\/\\\/secure.gravatar.com\\\/avatar\\\/9b62efbedd9651dd7e69269564aa1773aaf74037f2be0fe3b45e41e4931fa911?s=96&d=mm&r=g\",\"contentUrl\":\"https:\\\/\\\/secure.gravatar.com\\\/avatar\\\/9b62efbedd9651dd7e69269564aa1773aaf74037f2be0fe3b45e41e4931fa911?s=96&d=mm&r=g\",\"caption\":\"Avv. Chiara Daneluzzi\"},\"description\":\"Laureata in Giurisprudenza all'Universit\u00e0 di Trieste, l'Avv. Chiara Daneluzzi svolge la pratica forense dal 1999 occupandosi di diritto del lavoro, pubblico e privato, e di diritto amministrativo. \u00c8 membro del direttivo veneto dell\u2019Avvocati Giuslavoristi Italiani (AGI) e fa parte degli Avvocati Amministrativisti Veneti. Fonda lo Studio Legale Daneluzzi nel 2013, continuando ad occuparsi in maniera prevalente del diritto del lavoro e diritto amministrativo. Diventa Cassazionista nel 2016. \u00c8 referente legale del sindacato di polizia COISP Venezia e regionale, e del sindacato dei medici SNAMI Venezia. Opera a Venezia, Treviso e Pordenone.\",\"sameAs\":[\"https:\\\/\\\/www.studiolegaledaneluzzi.it\",\"https:\\\/\\\/www.facebook.com\\\/studiolegaledaneluzzi\",\"https:\\\/\\\/www.instagram.com\\\/studiolegaledaneluzzi\\\/\",\"https:\\\/\\\/www.linkedin.com\\\/company\\\/studiolegaledaneluzzi\"],\"honorificPrefix\":\"Avv.\",\"gender\":\"donna\",\"knowsAbout\":[\"diritto del lavoro\",\"diritto amministrativo\",\"cassazionista\"],\"knowsLanguage\":[\"italiano\",\"inglese\"],\"url\":\"https:\\\/\\\/www.whydontdo.it\\\/studiolegaledaneluzzi\\\/author\\\/chiarad\\\/\"}]}<\/script>\n<!-- \/ Yoast SEO Premium plugin. -->","yoast_head_json":{"title":"La Pubblica Amministrazione non risponde? &#187; Studio Legale Daneluzzi","description":"Cosa fare se la Pubblica Amministrazione non risponde? come ci dobbiamo comportare? Nell'articolo, alcuni consigli non scontati","robots":{"index":"index","follow":"follow","max-snippet":"max-snippet:-1","max-image-preview":"max-image-preview:large","max-video-preview":"max-video-preview:-1"},"canonical":"https:\/\/www.whydontdo.it\/studiolegaledaneluzzi\/pubblica-amministrazione-non-risponde\/","og_locale":"it_IT","og_type":"article","og_title":"La Pubblica Amministrazione non risponde? &#187; Studio Legale Daneluzzi","og_description":"Cosa fare se la Pubblica Amministrazione non risponde? come ci dobbiamo comportare? Nell'articolo, alcuni consigli non scontati","og_url":"https:\/\/www.whydontdo.it\/studiolegaledaneluzzi\/pubblica-amministrazione-non-risponde\/","og_site_name":"Studio Legale Daneluzzi","article_publisher":"https:\/\/www.facebook.com\/studiolegaledaneluzzi","article_author":"https:\/\/www.facebook.com\/studiolegaledaneluzzi","article_published_time":"2026-01-08T14:42:46+00:00","article_modified_time":"2026-03-31T07:43:53+00:00","og_image":[{"width":1280,"height":720,"url":"https:\/\/www.whydontdo.it\/studiolegaledaneluzzi\/wp-content\/uploads\/sites\/7\/2022\/03\/La-Pubblica-Amministrazione-non-risponde-L-241-1990-PA-Diritto-Avvocato-a-Treviso-Avvocato-a-Preganziol-Studio-Legale-Daneluzzi.png","type":"image\/png"}],"author":"Avv. Chiara Daneluzzi","twitter_card":"summary_large_image","twitter_title":"Studio Legale Daneluzzi &#187;","twitter_description":"Cosa fare se la Pubblica Amministrazione non risponde? come ci dobbiamo comportare? Nell'articolo, alcuni consigli non scontati #pa #pubblicaamministrazione","twitter_image":"https:\/\/www.whydontdo.it\/studiolegaledaneluzzi\/wp-content\/uploads\/sites\/7\/2022\/03\/La-Pubblica-Amministrazione-non-risponde-L-241-1990-PA-Diritto-Avvocato-a-Treviso-Avvocato-a-Preganziol-Studio-Legale-Daneluzzi.png","schema":{"@context":"https:\/\/schema.org","@graph":[{"@type":"Article","@id":"https:\/\/www.whydontdo.it\/studiolegaledaneluzzi\/pubblica-amministrazione-non-risponde\/#article","isPartOf":{"@id":"https:\/\/www.whydontdo.it\/studiolegaledaneluzzi\/pubblica-amministrazione-non-risponde\/"},"author":{"name":"Avv. Chiara Daneluzzi","@id":"https:\/\/www.whydontdo.it\/studiolegaledaneluzzi\/#\/schema\/person\/1c79e582887e8ffc836645de47f4886c"},"headline":"La Pubblica Amministrazione non risponde?","datePublished":"2026-01-08T14:42:46+00:00","dateModified":"2026-03-31T07:43:53+00:00","mainEntityOfPage":{"@id":"https:\/\/www.whydontdo.it\/studiolegaledaneluzzi\/pubblica-amministrazione-non-risponde\/"},"wordCount":1202,"publisher":{"@id":"https:\/\/www.whydontdo.it\/studiolegaledaneluzzi\/#organization"},"image":{"@id":"https:\/\/www.whydontdo.it\/studiolegaledaneluzzi\/pubblica-amministrazione-non-risponde\/#primaryimage"},"thumbnailUrl":"https:\/\/www.whydontdo.it\/studiolegaledaneluzzi\/wp-content\/uploads\/sites\/7\/2022\/03\/La-Pubblica-Amministrazione-non-risponde-L-241-1990-PA-Diritto-Avvocato-a-Treviso-Avvocato-a-Preganziol-Studio-Legale-Daneluzzi.png","keywords":["edilizia convenzionata","lottizzazione","pa","pec","permesso di costruire","piano di lottizzazione","pubblica amministrazione"],"articleSection":["COISP","Concorsi","FAQ","Pubblica Amministrazione","SNAMI","Urbanistica e Appalti"],"inLanguage":"it-IT","accessibilityFeature":["tableOfContents"]},{"@type":"WebPage","@id":"https:\/\/www.whydontdo.it\/studiolegaledaneluzzi\/pubblica-amministrazione-non-risponde\/","url":"https:\/\/www.whydontdo.it\/studiolegaledaneluzzi\/pubblica-amministrazione-non-risponde\/","name":"La Pubblica Amministrazione non risponde? &#187; Studio Legale Daneluzzi","isPartOf":{"@id":"https:\/\/www.whydontdo.it\/studiolegaledaneluzzi\/#website"},"primaryImageOfPage":{"@id":"https:\/\/www.whydontdo.it\/studiolegaledaneluzzi\/pubblica-amministrazione-non-risponde\/#primaryimage"},"image":{"@id":"https:\/\/www.whydontdo.it\/studiolegaledaneluzzi\/pubblica-amministrazione-non-risponde\/#primaryimage"},"thumbnailUrl":"https:\/\/www.whydontdo.it\/studiolegaledaneluzzi\/wp-content\/uploads\/sites\/7\/2022\/03\/La-Pubblica-Amministrazione-non-risponde-L-241-1990-PA-Diritto-Avvocato-a-Treviso-Avvocato-a-Preganziol-Studio-Legale-Daneluzzi.png","datePublished":"2026-01-08T14:42:46+00:00","dateModified":"2026-03-31T07:43:53+00:00","description":"Cosa fare se la Pubblica Amministrazione non risponde? come ci dobbiamo comportare? Nell'articolo, alcuni consigli non scontati","breadcrumb":{"@id":"https:\/\/www.whydontdo.it\/studiolegaledaneluzzi\/pubblica-amministrazione-non-risponde\/#breadcrumb"},"inLanguage":"it-IT","potentialAction":[{"@type":"ReadAction","target":["https:\/\/www.whydontdo.it\/studiolegaledaneluzzi\/pubblica-amministrazione-non-risponde\/"]}]},{"@type":"ImageObject","inLanguage":"it-IT","@id":"https:\/\/www.whydontdo.it\/studiolegaledaneluzzi\/pubblica-amministrazione-non-risponde\/#primaryimage","url":"https:\/\/www.whydontdo.it\/studiolegaledaneluzzi\/wp-content\/uploads\/sites\/7\/2022\/03\/La-Pubblica-Amministrazione-non-risponde-L-241-1990-PA-Diritto-Avvocato-a-Treviso-Avvocato-a-Preganziol-Studio-Legale-Daneluzzi.png","contentUrl":"https:\/\/www.whydontdo.it\/studiolegaledaneluzzi\/wp-content\/uploads\/sites\/7\/2022\/03\/La-Pubblica-Amministrazione-non-risponde-L-241-1990-PA-Diritto-Avvocato-a-Treviso-Avvocato-a-Preganziol-Studio-Legale-Daneluzzi.png","width":1280,"height":720,"caption":"La Pubblica Amministrazione non risponde - L-241-1990 PA - Diritto - Avvocato a Treviso - Avvocato a Preganziol - Studio Legale Daneluzzi"},{"@type":"BreadcrumbList","@id":"https:\/\/www.whydontdo.it\/studiolegaledaneluzzi\/pubblica-amministrazione-non-risponde\/#breadcrumb","itemListElement":[{"@type":"ListItem","position":1,"name":"Diritto Amministrativo (P.A.)","item":"https:\/\/www.whydontdo.it\/studiolegaledaneluzzi\/category\/pubblica-amministrazione\/"},{"@type":"ListItem","position":2,"name":"La Pubblica Amministrazione non risponde?"}]},{"@type":"WebSite","@id":"https:\/\/www.whydontdo.it\/studiolegaledaneluzzi\/#website","url":"https:\/\/www.whydontdo.it\/studiolegaledaneluzzi\/","name":"Studio Legale Daneluzzi","description":"Professionalit\u00e0 e Competenza dalla TUA parte","publisher":{"@id":"https:\/\/www.whydontdo.it\/studiolegaledaneluzzi\/#organization"},"alternateName":"Avv. Daneluzzi","potentialAction":[{"@type":"SearchAction","target":{"@type":"EntryPoint","urlTemplate":"https:\/\/www.whydontdo.it\/studiolegaledaneluzzi\/?s={search_term_string}"},"query-input":{"@type":"PropertyValueSpecification","valueRequired":true,"valueName":"search_term_string"}}],"inLanguage":"it-IT"},{"@type":"Organization","@id":"https:\/\/www.whydontdo.it\/studiolegaledaneluzzi\/#organization","name":"Studio Legale Daneluzzi","alternateName":"Avv. Daneluzzi","url":"https:\/\/www.whydontdo.it\/studiolegaledaneluzzi\/","logo":{"@type":"ImageObject","inLanguage":"it-IT","@id":"https:\/\/www.whydontdo.it\/studiolegaledaneluzzi\/#\/schema\/logo\/image\/","url":"https:\/\/www.whydontdo.it\/studiolegaledaneluzzi\/wp-content\/uploads\/sites\/7\/2021\/11\/src-logo.png","contentUrl":"https:\/\/www.whydontdo.it\/studiolegaledaneluzzi\/wp-content\/uploads\/sites\/7\/2021\/11\/src-logo.png","width":185,"height":185,"caption":"Studio Legale Daneluzzi"},"image":{"@id":"https:\/\/www.whydontdo.it\/studiolegaledaneluzzi\/#\/schema\/logo\/image\/"},"sameAs":["https:\/\/www.facebook.com\/studiolegaledaneluzzi","https:\/\/www.instagram.com\/studiolegaledaneluzzi","https:\/\/www.linkedin.com\/company\/studiolegaledaneluzzi\/"],"description":"Studio Legale con Avvocati Amministrativisti e del lavoro (giuslavoristi)","email":"info@studiolegaledaneluzzi.it","telephone":"+39 0422 491006","legalName":"Studio Legale Daneluzzi","foundingDate":"2004-01-01","numberOfEmployees":{"@type":"QuantitativeValue","minValue":"1","maxValue":"10"},"publishingPrinciples":"https:\/\/www.whydontdo.it\/studiolegaledaneluzzi\/privacy-gdpr-cookies\/","ownershipFundingInfo":"https:\/\/www.whydontdo.it\/studiolegaledaneluzzi\/privacy-gdpr-cookies\/","actionableFeedbackPolicy":"https:\/\/www.whydontdo.it\/studiolegaledaneluzzi\/privacy-gdpr-cookies\/","correctionsPolicy":"https:\/\/www.whydontdo.it\/studiolegaledaneluzzi\/privacy-gdpr-cookies\/","ethicsPolicy":"https:\/\/www.whydontdo.it\/studiolegaledaneluzzi\/privacy-gdpr-cookies\/"},{"@type":"Person","@id":"https:\/\/www.whydontdo.it\/studiolegaledaneluzzi\/#\/schema\/person\/1c79e582887e8ffc836645de47f4886c","name":"Avv. Chiara Daneluzzi","image":{"@type":"ImageObject","inLanguage":"it-IT","@id":"https:\/\/secure.gravatar.com\/avatar\/9b62efbedd9651dd7e69269564aa1773aaf74037f2be0fe3b45e41e4931fa911?s=96&d=mm&r=g","url":"https:\/\/secure.gravatar.com\/avatar\/9b62efbedd9651dd7e69269564aa1773aaf74037f2be0fe3b45e41e4931fa911?s=96&d=mm&r=g","contentUrl":"https:\/\/secure.gravatar.com\/avatar\/9b62efbedd9651dd7e69269564aa1773aaf74037f2be0fe3b45e41e4931fa911?s=96&d=mm&r=g","caption":"Avv. Chiara Daneluzzi"},"description":"Laureata in Giurisprudenza all'Universit\u00e0 di Trieste, l'Avv. Chiara Daneluzzi svolge la pratica forense dal 1999 occupandosi di diritto del lavoro, pubblico e privato, e di diritto amministrativo. \u00c8 membro del direttivo veneto dell\u2019Avvocati Giuslavoristi Italiani (AGI) e fa parte degli Avvocati Amministrativisti Veneti. Fonda lo Studio Legale Daneluzzi nel 2013, continuando ad occuparsi in maniera prevalente del diritto del lavoro e diritto amministrativo. Diventa Cassazionista nel 2016. \u00c8 referente legale del sindacato di polizia COISP Venezia e regionale, e del sindacato dei medici SNAMI Venezia. Opera a Venezia, Treviso e Pordenone.","sameAs":["https:\/\/www.studiolegaledaneluzzi.it","https:\/\/www.facebook.com\/studiolegaledaneluzzi","https:\/\/www.instagram.com\/studiolegaledaneluzzi\/","https:\/\/www.linkedin.com\/company\/studiolegaledaneluzzi"],"honorificPrefix":"Avv.","gender":"donna","knowsAbout":["diritto del lavoro","diritto amministrativo","cassazionista"],"knowsLanguage":["italiano","inglese"],"url":"https:\/\/www.whydontdo.it\/studiolegaledaneluzzi\/author\/chiarad\/"}]}},"jetpack_publicize_connections":[],"_links":{"self":[{"href":"https:\/\/www.whydontdo.it\/studiolegaledaneluzzi\/wp-json\/wp\/v2\/posts\/560","targetHints":{"allow":["GET"]}}],"collection":[{"href":"https:\/\/www.whydontdo.it\/studiolegaledaneluzzi\/wp-json\/wp\/v2\/posts"}],"about":[{"href":"https:\/\/www.whydontdo.it\/studiolegaledaneluzzi\/wp-json\/wp\/v2\/types\/post"}],"author":[{"embeddable":true,"href":"https:\/\/www.whydontdo.it\/studiolegaledaneluzzi\/wp-json\/wp\/v2\/users\/4"}],"replies":[{"embeddable":true,"href":"https:\/\/www.whydontdo.it\/studiolegaledaneluzzi\/wp-json\/wp\/v2\/comments?post=560"}],"version-history":[{"count":36,"href":"https:\/\/www.whydontdo.it\/studiolegaledaneluzzi\/wp-json\/wp\/v2\/posts\/560\/revisions"}],"predecessor-version":[{"id":9723,"href":"https:\/\/www.whydontdo.it\/studiolegaledaneluzzi\/wp-json\/wp\/v2\/posts\/560\/revisions\/9723"}],"wp:featuredmedia":[{"embeddable":true,"href":"https:\/\/www.whydontdo.it\/studiolegaledaneluzzi\/wp-json\/wp\/v2\/media\/9288"}],"wp:attachment":[{"href":"https:\/\/www.whydontdo.it\/studiolegaledaneluzzi\/wp-json\/wp\/v2\/media?parent=560"}],"wp:term":[{"taxonomy":"category","embeddable":true,"href":"https:\/\/www.whydontdo.it\/studiolegaledaneluzzi\/wp-json\/wp\/v2\/categories?post=560"},{"taxonomy":"post_tag","embeddable":true,"href":"https:\/\/www.whydontdo.it\/studiolegaledaneluzzi\/wp-json\/wp\/v2\/tags?post=560"},{"taxonomy":"series","embeddable":true,"href":"https:\/\/www.whydontdo.it\/studiolegaledaneluzzi\/wp-json\/wp\/v2\/series?post=560"}],"curies":[{"name":"wp","href":"https:\/\/api.w.org\/{rel}","templated":true}]}}