
{"id":8193,"date":"2026-01-05T18:50:38","date_gmt":"2026-01-05T17:50:38","guid":{"rendered":"https:\/\/www.whydontdo.it\/studiolegaledaneluzzi\/?p=8193"},"modified":"2026-01-05T18:50:59","modified_gmt":"2026-01-05T17:50:59","slug":"principio-di-legalita","status":"publish","type":"post","link":"https:\/\/www.whydontdo.it\/studiolegaledaneluzzi\/principio-di-legalita\/","title":{"rendered":"Il Principio di Legalit\u00e0"},"content":{"rendered":"<div class=\"pps-series-post-details pps-series-post-details-variant-classic pps-series-post-details-9219\" data-series-id=\"435\"><div class=\"pps-series-meta-content\"><div class=\"pps-series-meta-text\">Questo articolo \u00e8 parte della serie <a href=\"https:\/\/www.whydontdo.it\/studiolegaledaneluzzi\/series\/principi-cardine-pubblica-amministrazione\/\">Principi Cardine nell&#039;Azione Amministrativa<\/a><\/div><\/div><\/div>\n<p class=\"wp-block-paragraph\">Il <em>Principio di Legalit\u00e0 <\/em>\u00e8 uno dei principi cardine del Diritto Amministrativo, cio\u00e8 i principi che caratterizzano l&#8217;azione della Pubblica Amministrazione. Affinch\u00e9 l&#8217;azione dell&#8217;amministrazione sia  rispettosa della legge, tali principi devono essere tutti rispettati: ne parliamo in dettaglio in questa <a href=\"https:\/\/www.whydontdo.it\/studiolegaledaneluzzi\/series\/principi-cardine-pubblica-amministrazione\/\">serie di articoli<\/a><\/p>\n\n\n\n<p class=\"yoast-reading-time__wrapper\"><span class=\"yoast-reading-time__icon\"><svg aria-hidden=\"true\" focusable=\"false\" data-icon=\"clock\" width=\"20\" height=\"20\" fill=\"none\" stroke=\"currentColor\" style=\"display:inline-block;vertical-align:-0.1em\" role=\"img\" xmlns=\"http:\/\/www.w3.org\/2000\/svg\" viewBox=\"0 0 24 24\"><path stroke-linecap=\"round\" stroke-linejoin=\"round\" stroke-width=\"2\" d=\"M12 8v4l3 3m6-3a9 9 0 11-18 0 9 9 0 0118 0z\"><\/path><\/svg><\/span><span class=\"yoast-reading-time__spacer\" style=\"display:inline-block;width:1em\"><\/span><span class=\"yoast-reading-time__descriptive-text\">Tempo di lettura: <\/span><span class=\"yoast-reading-time__reading-time\">3<\/span><span class=\"yoast-reading-time__time-unit\"> minuti<\/span><\/p>\n\n\n\n<div class=\"wp-block-yoast-seo-table-of-contents yoast-table-of-contents\"><h2>In questo articolo<\/h2><ul><li><a href=\"#h-cosa-significa-principio-di-legalita\" data-level=\"2\">Cosa significa Principio di Legalit\u00e0<\/a><\/li><li><a href=\"#h-principio-di-legalita-formale-e-sostanziale\" data-level=\"2\">Principio di legalit\u00e0 formale e sostanziale<\/a><\/li><li><a href=\"#h-la-fonte-del-principio-di-legalita-dell-azione-amministrativa\" data-level=\"2\">La fonte del principio di legalit\u00e0 dell&#8217;azione amministrativa<\/a><\/li><li><a href=\"#h-lo-scopo-del-principio-di-legalita\" data-level=\"2\">Lo scopo del Principio di legalit\u00e0<\/a><\/li><li><a href=\"#h-qual-e-l-importanza-del-principio-di-legalita\" data-level=\"2\">Qual \u00e8 l&#8217;importanza del Principio di legalit\u00e0<\/a><\/li><\/ul><\/div>\n\n\n\n<h2 class=\"wp-block-heading\" id=\"h-cosa-significa-principio-di-legalita\">Cosa significa Principio di Legalit\u00e0<\/h2>\n\n\n\n<blockquote class=\"wp-block-quote is-layout-flow wp-block-quote-is-layout-flow\">\n<p class=\"wp-block-paragraph\">Per dirla molto semplice, il principio di legalit\u00e0 indica la supremazia della legge (cio\u00e8 la regola) su potere amministrativo.<\/p>\n<\/blockquote>\n\n\n\n<p class=\"wp-block-paragraph\">Nell&#8217;ordinamento italiano, la legge, la norma, \u00e8 la regola base che viene prima dell&#8217;esercizio dei vari poteri, incluso quello amministrativo, che poi \u00e8 emanazione del potere esecutivo. <\/p>\n\n\n\n<p class=\"wp-block-paragraph\">Il potere esecutivo (il Governo, e le sue emanazioni, ovvero le Pubbliche Amministrazioni) devono rispettare la legge.<br>Ricordiamo che la legge \u00e8 emanata dal Parlamento, salvo alcune limitate eccezioni.<\/p>\n\n\n\n<h2 class=\"wp-block-heading\" id=\"h-principio-di-legalita-formale-e-sostanziale\">Principio di legalit\u00e0 <em>formale<\/em> e <em>sostanziale<\/em><\/h2>\n\n\n\n<p class=\"wp-block-paragraph\">Ci sono due accezioni del principio di legalit\u00e0: legalit\u00e0 in<strong> senso formale<\/strong> ed in <strong>senso sostanziale<\/strong>.<\/p>\n\n\n\n<blockquote class=\"wp-block-quote is-layout-flow wp-block-quote-is-layout-flow\">\n<p class=\"wp-block-paragraph\">Il <em>principio di legalit\u00e0<\/em> in senso formale significa che deve essere una norma ad assegnare all&#8217;amministrazione il potere speso nel provvedimento amministrativo.<\/p>\n<\/blockquote>\n\n\n\n<p class=\"wp-block-paragraph\">Cio\u00e8 la Pubblica Amministrazione non pu\u00f2 auto attribuirsi un potere, ma glielo deve conferire la legge.<\/p>\n\n\n\n<blockquote class=\"wp-block-quote is-layout-flow wp-block-quote-is-layout-flow\">\n<p class=\"wp-block-paragraph\">Il Principio di legalit\u00e0 in <em>senso sostanziale<\/em> significa invece che ogni pubblico potere deve essere regolato nei dettagli dalla legge.<\/p>\n<\/blockquote>\n\n\n\n<h2 class=\"wp-block-heading\" id=\"h-la-fonte-del-principio-di-legalita-dell-azione-amministrativa\">La fonte del principio di legalit\u00e0 dell&#8217;azione amministrativa<\/h2>\n\n\n\n<p class=\"wp-block-paragraph\">La fonte normativa primaria del principio di legalit\u00e0 dell&#8217;azione amministrativa \u00e8 l&#8217;<strong><a href=\"https:\/\/www.cortecostituzionale.it\/documenti\/download\/pdf\/Costituzione_della_Repubblica_italiana.pdf\" target=\"_blank\" rel=\"noreferrer noopener\">art. 97 della Costituzione<\/a><\/strong>, che al secondo comma stabilisce che &#8220;<em>i pubblici uffici sono organizzati secondo disposizioni di legge, in modo che siano assicurati il buon andamento e l&#8217;imparzialit\u00e0 dell&#8217;amministrazione&#8221;.<\/em><\/p>\n\n\n\n<p class=\"wp-block-paragraph\">Questo significa appunto che \u00e8 la legge stessa che struttura le pubbliche amministrazioni, gli uffici pubblici, e ne determina le modalit\u00e0 di funzionamento ma anche gli obiettivi.<br>Si vogliono in tal modo assicurare il buon andamento e l&#8217;<a href=\"https:\/\/www.whydontdo.it\/studiolegaledaneluzzi\/il-principio-di-imparzialita\/\">imparzialit\u00e0 dell&#8217;azione amministrativa<\/a>.<\/p>\n\n\n\n<h2 class=\"wp-block-heading\" id=\"h-lo-scopo-del-principio-di-legalita\">Lo scopo del Principio di legalit\u00e0<\/h2>\n\n\n\n<p class=\"wp-block-paragraph\">Di base, il principio di legalit\u00e0 realizza la separazione dei poteri, cio\u00e8 il principio base dei sistemi di governo democratici dall&#8217;Illuminismo in poi.<\/p>\n\n\n\n<p class=\"wp-block-paragraph\">La separazione dei poteri (legislativo, esecutivo e giurisdizionale) serve ad impedire l&#8217;accentramento di troppi poteri in poche mani, che \u00e8 il presupposto di ogni regime autoritario e dittatura.<\/p>\n\n\n\n<blockquote class=\"wp-block-quote is-layout-flow wp-block-quote-is-layout-flow\">\n<p class=\"wp-block-paragraph\">Il rispetto del principio di legalit\u00e0 invece assicura che ogni potere abbia dei confini predefiniti, e non possa quindi esondare invadendo gli ambiti di altri poteri dello Stato, garantendo dunque la tenuta di un sistema democratico.<\/p>\n<\/blockquote>\n\n\n\n<p class=\"wp-block-paragraph\">Per cui il principio di legalit\u00e0 \u00e8 in effetti il <strong>principio pi\u00f9 importante dell&#8217;ordinamento<\/strong>, perch\u00e9 ne garantisce tenuta e funzionamento corretto.<\/p>\n\n\n\n<h2 class=\"wp-block-heading\" id=\"h-qual-e-l-importanza-del-principio-di-legalita\">Qual \u00e8 l&#8217;importanza del Principio di legalit\u00e0<\/h2>\n\n\n\n<p class=\"wp-block-paragraph\">Nel diritto amministrativo il principio di legalit\u00e0 \u00e8 essenziale perch\u00e8 ci permette di impugnare un provvedimento amministrativo se non \u00e8 rispettoso delle regole di legge che lo disciplinano.<\/p>\n\n\n\n<p class=\"wp-block-paragraph\">Se quindi un provvedimento amministrativo ci danneggia, l&#8217;avvocato a cui ci rivolgiamo potr\u00e0 valutare se innanzitutto tale provvedimento aveva una base normativa; poi verificher\u00e0 se rispetta i parametri previsti dalla legge che lo istituisce.<\/p>\n\n\n\n<p class=\"wp-block-paragraph\">Insomma, si verificher\u00e0 se quel provvedimento rispetti sia il principio di legalit\u00e0 in senso formale, sia quello sostanziale.<\/p>\n\n\n\n<p class=\"wp-block-paragraph\">Se qualcuno di questi parametri risulta violato, allora si potr\u00e0 impugnare quel provvedimento davanti al Giudice amministrativo, che lo annuller\u00e0.<\/p>\n\n\n\n<h3 id=\"h-lo-studio-e-abilitato-a-trattare-diritto-amministrativo\" class=\"wp-block-heading\">Lo Studio \u00e8 abilitato a trattare diritto amministrativo?<\/h3>\n\n\n\n<p class=\"wp-block-paragraph\">Sicuramente\u00a0<strong>S\u00cc<\/strong>. Lo Studio Legale Daneluzzi tratta da decenni di\u00a0<em><a href=\"https:\/\/www.whydontdo.it\/studiolegaledaneluzzi\/diritto-amministrativo\/\" target=\"_blank\" rel=\"noreferrer noopener\">diritto amministrativo<\/a><\/em>, ottenendo\u00a0<a href=\"https:\/\/www.whydontdo.it\/studiolegaledaneluzzi\/category\/successi\/\">molti successi in materia<\/a>.<br>L&#8217;avv. Chiara Daneluzzi \u00e8\u00a0<strong>avvocato amministrativista sin dal 1999<\/strong>, tratta ed \u00e8 esperto in\u00a0<em>controversie con la Pubblica Amministrazione<\/em>\u00a0ed \u00e8 membro della prestigiosa\u00a0<em><a href=\"http:\/\/www.amministrativistiveneti.it\/elenco-associati\/\" target=\"_blank\" rel=\"noreferrer noopener\">Associazione Avvocati Amministrativisti<\/a><\/em>. Lo Studio pu\u00f2 offrire sia\u00a0<em>consulenza<\/em>\u00a0che\u00a0<em>assisterti in giudizio<\/em>\u00a0e patrocina\u00a0<strong>ricorsi avanti TAR<\/strong>\u00a0e\u00a0<strong>Consiglio di Stato<\/strong>, nonch\u00e9 avanti la <strong>Corte dei Conti<\/strong>, essendo l\u2019avv. Daneluzzi anche\u00a0<a href=\"https:\/\/www.whydontdo.it\/studiolegaledaneluzzi\/avvocato-cassazionista\/\">Cassazionista<\/a>.<br><strong>Affidatevi a noi con fiducia<\/strong>\u00a0nelle\u00a0<a href=\"https:\/\/www.whydontdo.it\/studiolegaledaneluzzi\/avvocato-amministrativista-a-treviso-e-venezia\/\" target=\"_blank\" rel=\"noreferrer noopener\">sedi di Venezia, Treviso e Pordenone<\/a>.<\/p>\n\n\n\n<div class=\"wp-block-buttons is-content-justification-center is-layout-flex wp-container-core-buttons-is-layout-fe48e5de wp-block-buttons-is-layout-flex\">\n<div class=\"wp-block-button has-custom-width wp-block-button__width-100 is-style-fill\"><a class=\"wp-block-button__link has-text-align-center wp-element-button\" href=\"#contatti\" style=\"border-radius:6px\">CONTATTA LO STUDIO<\/a><\/div>\n<\/div>\n\n\n\n<div style=\"height:10px\" aria-hidden=\"true\" class=\"wp-block-spacer\"><\/div>\n\n\n<p class=\"has-text-align-center wp-block-site-tagline has-small-font-size\">Professionalit\u00e0 e Competenza dalla TUA parte<\/p>","protected":false},"excerpt":{"rendered":"<div class=\"pps-series-post-details pps-series-post-details-variant-classic pps-series-post-details-9219 pps-series-meta-excerpt\" data-series-id=\"435\"><div class=\"pps-series-meta-content\"><div class=\"pps-series-meta-text\">Questo articolo \u00e8 parte della serie <a href=\"https:\/\/www.whydontdo.it\/studiolegaledaneluzzi\/series\/principi-cardine-pubblica-amministrazione\/\">Principi Cardine nell&#039;Azione Amministrativa<\/a><\/div><\/div><\/div><p>Il principio di legalit\u00e0 \u00e8 un principio cardine del Diritto Amministrativo e caratterizza l&#8217;azione della Pubblica Amministrazione<\/p>\n","protected":false},"author":4,"featured_media":8195,"comment_status":"closed","ping_status":"open","sticky":false,"template":"","format":"standard","meta":{"_mbp_gutenberg_autopost":false,"_themeisle_gutenberg_block_has_review":false,"footnotes":"","jetpack_publicize_message":"","jetpack_publicize_feature_enabled":true,"jetpack_social_post_already_shared":false,"jetpack_social_options":{"image_generator_settings":{"template":"highway","default_image_id":0,"font":"","enabled":false},"version":2}},"categories":[432,29,48],"tags":[122,442,49,440,50],"series":[435],"class_list":["post-8193","post","type-post","status-publish","format-standard","has-post-thumbnail","hentry","category-diritto-amministrativo","category-glossario","category-pubblica-amministrazione","tag-amministrativista","tag-legalita","tag-pa","tag-principi","tag-pubblica-amministrazione","series-principi-cardine-pubblica-amministrazione"],"pp_statuses_selecting_workflow":false,"pp_workflow_action":"current","pp_status_selection":"publish","yoast_head":"<!-- This site is optimized with the Yoast SEO Premium plugin v28.2 (Yoast SEO v28.4) - https:\/\/yoast.com\/product\/yoast-seo-premium-wordpress\/ -->\n<title>Il Principio di Legalit\u00e0 &#187; studiolegaledaneluzzi.it<\/title>\n<meta name=\"description\" content=\"Il principio di legalit\u00e0 \u00e8 un principio cardine del Diritto Amministrativo e caratterizza l&#039;azione della Pubblica Amministrazione\" \/>\n<meta name=\"robots\" content=\"index, follow, max-snippet:-1, max-image-preview:large, max-video-preview:-1\" \/>\n<link rel=\"canonical\" href=\"https:\/\/www.whydontdo.it\/studiolegaledaneluzzi\/principio-di-legalita\/\" \/>\n<meta property=\"og:locale\" content=\"it_IT\" \/>\n<meta property=\"og:type\" content=\"article\" \/>\n<meta property=\"og:title\" content=\"Il Principio di Legalit\u00e0\" \/>\n<meta property=\"og:description\" content=\"Il principio di legalit\u00e0 \u00e8 un principio cardine del Diritto Amministrativo e caratterizza l&#039;azione della Pubblica Amministrazione\" \/>\n<meta property=\"og:url\" content=\"https:\/\/www.whydontdo.it\/studiolegaledaneluzzi\/principio-di-legalita\/\" \/>\n<meta property=\"og:site_name\" content=\"Studio Legale Daneluzzi\" \/>\n<meta property=\"article:publisher\" content=\"https:\/\/www.facebook.com\/studiolegaledaneluzzi\" \/>\n<meta property=\"article:author\" content=\"https:\/\/www.facebook.com\/studiolegaledaneluzzi\" \/>\n<meta property=\"article:published_time\" content=\"2026-01-05T17:50:38+00:00\" \/>\n<meta property=\"article:modified_time\" content=\"2026-01-05T17:50:59+00:00\" \/>\n<meta property=\"og:image\" content=\"https:\/\/www.whydontdo.it\/studiolegaledaneluzzi\/wp-content\/uploads\/sites\/7\/2025\/02\/Principio-di-Legalita-Diritto-Amministrativo-Avvocato-a-Treviso-Avvocato-a-Mogliano-Veneto-Studio-Legale-Daneluzzi-1.jpg\" \/>\n\t<meta property=\"og:image:width\" content=\"1280\" \/>\n\t<meta property=\"og:image:height\" content=\"720\" \/>\n\t<meta property=\"og:image:type\" content=\"image\/jpeg\" \/>\n<meta name=\"author\" content=\"Avv. Chiara Daneluzzi\" \/>\n<meta name=\"twitter:card\" content=\"summary_large_image\" \/>\n<script type=\"application\/ld+json\" class=\"yoast-schema-graph\">{\"@context\":\"https:\\\/\\\/schema.org\",\"@graph\":[{\"@type\":\"Article\",\"@id\":\"https:\\\/\\\/www.whydontdo.it\\\/studiolegaledaneluzzi\\\/principio-di-legalita\\\/#article\",\"isPartOf\":{\"@id\":\"https:\\\/\\\/www.whydontdo.it\\\/studiolegaledaneluzzi\\\/principio-di-legalita\\\/\"},\"author\":{\"name\":\"Avv. Chiara Daneluzzi\",\"@id\":\"https:\\\/\\\/www.whydontdo.it\\\/studiolegaledaneluzzi\\\/#\\\/schema\\\/person\\\/1c79e582887e8ffc836645de47f4886c\"},\"headline\":\"Il Principio di Legalit\u00e0\",\"datePublished\":\"2026-01-05T17:50:38+00:00\",\"dateModified\":\"2026-01-05T17:50:59+00:00\",\"mainEntityOfPage\":{\"@id\":\"https:\\\/\\\/www.whydontdo.it\\\/studiolegaledaneluzzi\\\/principio-di-legalita\\\/\"},\"wordCount\":563,\"publisher\":{\"@id\":\"https:\\\/\\\/www.whydontdo.it\\\/studiolegaledaneluzzi\\\/#organization\"},\"image\":{\"@id\":\"https:\\\/\\\/www.whydontdo.it\\\/studiolegaledaneluzzi\\\/principio-di-legalita\\\/#primaryimage\"},\"thumbnailUrl\":\"https:\\\/\\\/www.whydontdo.it\\\/studiolegaledaneluzzi\\\/wp-content\\\/uploads\\\/sites\\\/7\\\/2025\\\/02\\\/Principio-di-Legalita-Diritto-Amministrativo-Avvocato-a-Treviso-Avvocato-a-Mogliano-Veneto-Studio-Legale-Daneluzzi-1.jpg\",\"keywords\":[\"amministrativista\",\"legalit\u00e0\",\"pa\",\"principi\",\"pubblica amministrazione\"],\"articleSection\":[\"diritto amministrativo\",\"Glossario Legale\",\"Pubblica Amministrazione\"],\"inLanguage\":\"it-IT\",\"accessibilityFeature\":[\"tableOfContents\"]},{\"@type\":\"WebPage\",\"@id\":\"https:\\\/\\\/www.whydontdo.it\\\/studiolegaledaneluzzi\\\/principio-di-legalita\\\/\",\"url\":\"https:\\\/\\\/www.whydontdo.it\\\/studiolegaledaneluzzi\\\/principio-di-legalita\\\/\",\"name\":\"Il Principio di Legalit\u00e0 &#187; studiolegaledaneluzzi.it\",\"isPartOf\":{\"@id\":\"https:\\\/\\\/www.whydontdo.it\\\/studiolegaledaneluzzi\\\/#website\"},\"primaryImageOfPage\":{\"@id\":\"https:\\\/\\\/www.whydontdo.it\\\/studiolegaledaneluzzi\\\/principio-di-legalita\\\/#primaryimage\"},\"image\":{\"@id\":\"https:\\\/\\\/www.whydontdo.it\\\/studiolegaledaneluzzi\\\/principio-di-legalita\\\/#primaryimage\"},\"thumbnailUrl\":\"https:\\\/\\\/www.whydontdo.it\\\/studiolegaledaneluzzi\\\/wp-content\\\/uploads\\\/sites\\\/7\\\/2025\\\/02\\\/Principio-di-Legalita-Diritto-Amministrativo-Avvocato-a-Treviso-Avvocato-a-Mogliano-Veneto-Studio-Legale-Daneluzzi-1.jpg\",\"datePublished\":\"2026-01-05T17:50:38+00:00\",\"dateModified\":\"2026-01-05T17:50:59+00:00\",\"description\":\"Il principio di legalit\u00e0 \u00e8 un principio cardine del Diritto Amministrativo e caratterizza l'azione della Pubblica Amministrazione\",\"breadcrumb\":{\"@id\":\"https:\\\/\\\/www.whydontdo.it\\\/studiolegaledaneluzzi\\\/principio-di-legalita\\\/#breadcrumb\"},\"inLanguage\":\"it-IT\",\"potentialAction\":[{\"@type\":\"ReadAction\",\"target\":[\"https:\\\/\\\/www.whydontdo.it\\\/studiolegaledaneluzzi\\\/principio-di-legalita\\\/\"]}]},{\"@type\":\"ImageObject\",\"inLanguage\":\"it-IT\",\"@id\":\"https:\\\/\\\/www.whydontdo.it\\\/studiolegaledaneluzzi\\\/principio-di-legalita\\\/#primaryimage\",\"url\":\"https:\\\/\\\/www.whydontdo.it\\\/studiolegaledaneluzzi\\\/wp-content\\\/uploads\\\/sites\\\/7\\\/2025\\\/02\\\/Principio-di-Legalita-Diritto-Amministrativo-Avvocato-a-Treviso-Avvocato-a-Mogliano-Veneto-Studio-Legale-Daneluzzi-1.jpg\",\"contentUrl\":\"https:\\\/\\\/www.whydontdo.it\\\/studiolegaledaneluzzi\\\/wp-content\\\/uploads\\\/sites\\\/7\\\/2025\\\/02\\\/Principio-di-Legalita-Diritto-Amministrativo-Avvocato-a-Treviso-Avvocato-a-Mogliano-Veneto-Studio-Legale-Daneluzzi-1.jpg\",\"width\":1280,\"height\":720,\"caption\":\"Principio di Legalita\u0300 - Diritto Amministrativo - Avvocato a Treviso - Avvocato a Mogliano Veneto - Studio Legale Daneluzzi\"},{\"@type\":\"BreadcrumbList\",\"@id\":\"https:\\\/\\\/www.whydontdo.it\\\/studiolegaledaneluzzi\\\/principio-di-legalita\\\/#breadcrumb\",\"itemListElement\":[{\"@type\":\"ListItem\",\"position\":1,\"name\":\"diritto amministrativo\",\"item\":\"https:\\\/\\\/www.whydontdo.it\\\/studiolegaledaneluzzi\\\/category\\\/diritto-amministrativo\\\/\"},{\"@type\":\"ListItem\",\"position\":2,\"name\":\"Il Principio di Legalit\u00e0\"}]},{\"@type\":\"WebSite\",\"@id\":\"https:\\\/\\\/www.whydontdo.it\\\/studiolegaledaneluzzi\\\/#website\",\"url\":\"https:\\\/\\\/www.whydontdo.it\\\/studiolegaledaneluzzi\\\/\",\"name\":\"Studio Legale Daneluzzi\",\"description\":\"Professionalit\u00e0 e Competenza dalla TUA parte\",\"publisher\":{\"@id\":\"https:\\\/\\\/www.whydontdo.it\\\/studiolegaledaneluzzi\\\/#organization\"},\"alternateName\":\"Avv. Daneluzzi\",\"potentialAction\":[{\"@type\":\"SearchAction\",\"target\":{\"@type\":\"EntryPoint\",\"urlTemplate\":\"https:\\\/\\\/www.whydontdo.it\\\/studiolegaledaneluzzi\\\/?s={search_term_string}\"},\"query-input\":{\"@type\":\"PropertyValueSpecification\",\"valueRequired\":true,\"valueName\":\"search_term_string\"}}],\"inLanguage\":\"it-IT\"},{\"@type\":\"Organization\",\"@id\":\"https:\\\/\\\/www.whydontdo.it\\\/studiolegaledaneluzzi\\\/#organization\",\"name\":\"Studio Legale Daneluzzi\",\"alternateName\":\"Avv. Daneluzzi\",\"url\":\"https:\\\/\\\/www.whydontdo.it\\\/studiolegaledaneluzzi\\\/\",\"logo\":{\"@type\":\"ImageObject\",\"inLanguage\":\"it-IT\",\"@id\":\"https:\\\/\\\/www.whydontdo.it\\\/studiolegaledaneluzzi\\\/#\\\/schema\\\/logo\\\/image\\\/\",\"url\":\"https:\\\/\\\/www.whydontdo.it\\\/studiolegaledaneluzzi\\\/wp-content\\\/uploads\\\/sites\\\/7\\\/2021\\\/11\\\/src-logo.png\",\"contentUrl\":\"https:\\\/\\\/www.whydontdo.it\\\/studiolegaledaneluzzi\\\/wp-content\\\/uploads\\\/sites\\\/7\\\/2021\\\/11\\\/src-logo.png\",\"width\":185,\"height\":185,\"caption\":\"Studio Legale Daneluzzi\"},\"image\":{\"@id\":\"https:\\\/\\\/www.whydontdo.it\\\/studiolegaledaneluzzi\\\/#\\\/schema\\\/logo\\\/image\\\/\"},\"sameAs\":[\"https:\\\/\\\/www.facebook.com\\\/studiolegaledaneluzzi\",\"https:\\\/\\\/www.instagram.com\\\/studiolegaledaneluzzi\",\"https:\\\/\\\/www.linkedin.com\\\/company\\\/studiolegaledaneluzzi\\\/\"],\"description\":\"Studio Legale con Avvocati Amministrativisti e del lavoro (giuslavoristi)\",\"email\":\"info@studiolegaledaneluzzi.it\",\"telephone\":\"+39 0422 491006\",\"legalName\":\"Studio Legale Daneluzzi\",\"foundingDate\":\"2004-01-01\",\"numberOfEmployees\":{\"@type\":\"QuantitativeValue\",\"minValue\":\"1\",\"maxValue\":\"10\"},\"publishingPrinciples\":\"https:\\\/\\\/www.whydontdo.it\\\/studiolegaledaneluzzi\\\/privacy-gdpr-cookies\\\/\",\"ownershipFundingInfo\":\"https:\\\/\\\/www.whydontdo.it\\\/studiolegaledaneluzzi\\\/privacy-gdpr-cookies\\\/\",\"actionableFeedbackPolicy\":\"https:\\\/\\\/www.whydontdo.it\\\/studiolegaledaneluzzi\\\/privacy-gdpr-cookies\\\/\",\"correctionsPolicy\":\"https:\\\/\\\/www.whydontdo.it\\\/studiolegaledaneluzzi\\\/privacy-gdpr-cookies\\\/\",\"ethicsPolicy\":\"https:\\\/\\\/www.whydontdo.it\\\/studiolegaledaneluzzi\\\/privacy-gdpr-cookies\\\/\"},{\"@type\":\"Person\",\"@id\":\"https:\\\/\\\/www.whydontdo.it\\\/studiolegaledaneluzzi\\\/#\\\/schema\\\/person\\\/1c79e582887e8ffc836645de47f4886c\",\"name\":\"Avv. Chiara Daneluzzi\",\"image\":{\"@type\":\"ImageObject\",\"inLanguage\":\"it-IT\",\"@id\":\"https:\\\/\\\/secure.gravatar.com\\\/avatar\\\/9b62efbedd9651dd7e69269564aa1773aaf74037f2be0fe3b45e41e4931fa911?s=96&d=mm&r=g\",\"url\":\"https:\\\/\\\/secure.gravatar.com\\\/avatar\\\/9b62efbedd9651dd7e69269564aa1773aaf74037f2be0fe3b45e41e4931fa911?s=96&d=mm&r=g\",\"contentUrl\":\"https:\\\/\\\/secure.gravatar.com\\\/avatar\\\/9b62efbedd9651dd7e69269564aa1773aaf74037f2be0fe3b45e41e4931fa911?s=96&d=mm&r=g\",\"caption\":\"Avv. Chiara Daneluzzi\"},\"description\":\"Laureata in Giurisprudenza all'Universit\u00e0 di Trieste, l'Avv. Chiara Daneluzzi svolge la pratica forense dal 1999 occupandosi di diritto del lavoro, pubblico e privato, e di diritto amministrativo. \u00c8 membro del direttivo veneto dell\u2019Avvocati Giuslavoristi Italiani (AGI) e fa parte degli Avvocati Amministrativisti Veneti. Fonda lo Studio Legale Daneluzzi nel 2013, continuando ad occuparsi in maniera prevalente del diritto del lavoro e diritto amministrativo. Diventa Cassazionista nel 2016. \u00c8 referente legale del sindacato di polizia COISP Venezia e regionale, e del sindacato dei medici SNAMI Venezia. Opera a Venezia, Treviso e Pordenone.\",\"sameAs\":[\"https:\\\/\\\/www.studiolegaledaneluzzi.it\",\"https:\\\/\\\/www.facebook.com\\\/studiolegaledaneluzzi\",\"https:\\\/\\\/www.instagram.com\\\/studiolegaledaneluzzi\\\/\",\"https:\\\/\\\/www.linkedin.com\\\/company\\\/studiolegaledaneluzzi\"],\"honorificPrefix\":\"Avv.\",\"gender\":\"donna\",\"knowsAbout\":[\"diritto del lavoro\",\"diritto amministrativo\",\"cassazionista\"],\"knowsLanguage\":[\"italiano\",\"inglese\"],\"url\":\"https:\\\/\\\/www.whydontdo.it\\\/studiolegaledaneluzzi\\\/author\\\/chiarad\\\/\"}]}<\/script>\n<!-- \/ Yoast SEO Premium plugin. -->","yoast_head_json":{"title":"Il Principio di Legalit\u00e0 &#187; studiolegaledaneluzzi.it","description":"Il principio di legalit\u00e0 \u00e8 un principio cardine del Diritto Amministrativo e caratterizza l'azione della Pubblica Amministrazione","robots":{"index":"index","follow":"follow","max-snippet":"max-snippet:-1","max-image-preview":"max-image-preview:large","max-video-preview":"max-video-preview:-1"},"canonical":"https:\/\/www.whydontdo.it\/studiolegaledaneluzzi\/principio-di-legalita\/","og_locale":"it_IT","og_type":"article","og_title":"Il Principio di Legalit\u00e0","og_description":"Il principio di legalit\u00e0 \u00e8 un principio cardine del Diritto Amministrativo e caratterizza l'azione della Pubblica Amministrazione","og_url":"https:\/\/www.whydontdo.it\/studiolegaledaneluzzi\/principio-di-legalita\/","og_site_name":"Studio Legale Daneluzzi","article_publisher":"https:\/\/www.facebook.com\/studiolegaledaneluzzi","article_author":"https:\/\/www.facebook.com\/studiolegaledaneluzzi","article_published_time":"2026-01-05T17:50:38+00:00","article_modified_time":"2026-01-05T17:50:59+00:00","og_image":[{"width":1280,"height":720,"url":"https:\/\/www.whydontdo.it\/studiolegaledaneluzzi\/wp-content\/uploads\/sites\/7\/2025\/02\/Principio-di-Legalita-Diritto-Amministrativo-Avvocato-a-Treviso-Avvocato-a-Mogliano-Veneto-Studio-Legale-Daneluzzi-1.jpg","type":"image\/jpeg"}],"author":"Avv. Chiara Daneluzzi","twitter_card":"summary_large_image","schema":{"@context":"https:\/\/schema.org","@graph":[{"@type":"Article","@id":"https:\/\/www.whydontdo.it\/studiolegaledaneluzzi\/principio-di-legalita\/#article","isPartOf":{"@id":"https:\/\/www.whydontdo.it\/studiolegaledaneluzzi\/principio-di-legalita\/"},"author":{"name":"Avv. Chiara Daneluzzi","@id":"https:\/\/www.whydontdo.it\/studiolegaledaneluzzi\/#\/schema\/person\/1c79e582887e8ffc836645de47f4886c"},"headline":"Il Principio di Legalit\u00e0","datePublished":"2026-01-05T17:50:38+00:00","dateModified":"2026-01-05T17:50:59+00:00","mainEntityOfPage":{"@id":"https:\/\/www.whydontdo.it\/studiolegaledaneluzzi\/principio-di-legalita\/"},"wordCount":563,"publisher":{"@id":"https:\/\/www.whydontdo.it\/studiolegaledaneluzzi\/#organization"},"image":{"@id":"https:\/\/www.whydontdo.it\/studiolegaledaneluzzi\/principio-di-legalita\/#primaryimage"},"thumbnailUrl":"https:\/\/www.whydontdo.it\/studiolegaledaneluzzi\/wp-content\/uploads\/sites\/7\/2025\/02\/Principio-di-Legalita-Diritto-Amministrativo-Avvocato-a-Treviso-Avvocato-a-Mogliano-Veneto-Studio-Legale-Daneluzzi-1.jpg","keywords":["amministrativista","legalit\u00e0","pa","principi","pubblica amministrazione"],"articleSection":["diritto amministrativo","Glossario Legale","Pubblica Amministrazione"],"inLanguage":"it-IT","accessibilityFeature":["tableOfContents"]},{"@type":"WebPage","@id":"https:\/\/www.whydontdo.it\/studiolegaledaneluzzi\/principio-di-legalita\/","url":"https:\/\/www.whydontdo.it\/studiolegaledaneluzzi\/principio-di-legalita\/","name":"Il Principio di Legalit\u00e0 &#187; studiolegaledaneluzzi.it","isPartOf":{"@id":"https:\/\/www.whydontdo.it\/studiolegaledaneluzzi\/#website"},"primaryImageOfPage":{"@id":"https:\/\/www.whydontdo.it\/studiolegaledaneluzzi\/principio-di-legalita\/#primaryimage"},"image":{"@id":"https:\/\/www.whydontdo.it\/studiolegaledaneluzzi\/principio-di-legalita\/#primaryimage"},"thumbnailUrl":"https:\/\/www.whydontdo.it\/studiolegaledaneluzzi\/wp-content\/uploads\/sites\/7\/2025\/02\/Principio-di-Legalita-Diritto-Amministrativo-Avvocato-a-Treviso-Avvocato-a-Mogliano-Veneto-Studio-Legale-Daneluzzi-1.jpg","datePublished":"2026-01-05T17:50:38+00:00","dateModified":"2026-01-05T17:50:59+00:00","description":"Il principio di legalit\u00e0 \u00e8 un principio cardine del Diritto Amministrativo e caratterizza l'azione della Pubblica Amministrazione","breadcrumb":{"@id":"https:\/\/www.whydontdo.it\/studiolegaledaneluzzi\/principio-di-legalita\/#breadcrumb"},"inLanguage":"it-IT","potentialAction":[{"@type":"ReadAction","target":["https:\/\/www.whydontdo.it\/studiolegaledaneluzzi\/principio-di-legalita\/"]}]},{"@type":"ImageObject","inLanguage":"it-IT","@id":"https:\/\/www.whydontdo.it\/studiolegaledaneluzzi\/principio-di-legalita\/#primaryimage","url":"https:\/\/www.whydontdo.it\/studiolegaledaneluzzi\/wp-content\/uploads\/sites\/7\/2025\/02\/Principio-di-Legalita-Diritto-Amministrativo-Avvocato-a-Treviso-Avvocato-a-Mogliano-Veneto-Studio-Legale-Daneluzzi-1.jpg","contentUrl":"https:\/\/www.whydontdo.it\/studiolegaledaneluzzi\/wp-content\/uploads\/sites\/7\/2025\/02\/Principio-di-Legalita-Diritto-Amministrativo-Avvocato-a-Treviso-Avvocato-a-Mogliano-Veneto-Studio-Legale-Daneluzzi-1.jpg","width":1280,"height":720,"caption":"Principio di Legalita\u0300 - Diritto Amministrativo - Avvocato a Treviso - Avvocato a Mogliano Veneto - Studio Legale Daneluzzi"},{"@type":"BreadcrumbList","@id":"https:\/\/www.whydontdo.it\/studiolegaledaneluzzi\/principio-di-legalita\/#breadcrumb","itemListElement":[{"@type":"ListItem","position":1,"name":"diritto amministrativo","item":"https:\/\/www.whydontdo.it\/studiolegaledaneluzzi\/category\/diritto-amministrativo\/"},{"@type":"ListItem","position":2,"name":"Il Principio di Legalit\u00e0"}]},{"@type":"WebSite","@id":"https:\/\/www.whydontdo.it\/studiolegaledaneluzzi\/#website","url":"https:\/\/www.whydontdo.it\/studiolegaledaneluzzi\/","name":"Studio Legale Daneluzzi","description":"Professionalit\u00e0 e Competenza dalla TUA parte","publisher":{"@id":"https:\/\/www.whydontdo.it\/studiolegaledaneluzzi\/#organization"},"alternateName":"Avv. Daneluzzi","potentialAction":[{"@type":"SearchAction","target":{"@type":"EntryPoint","urlTemplate":"https:\/\/www.whydontdo.it\/studiolegaledaneluzzi\/?s={search_term_string}"},"query-input":{"@type":"PropertyValueSpecification","valueRequired":true,"valueName":"search_term_string"}}],"inLanguage":"it-IT"},{"@type":"Organization","@id":"https:\/\/www.whydontdo.it\/studiolegaledaneluzzi\/#organization","name":"Studio Legale Daneluzzi","alternateName":"Avv. Daneluzzi","url":"https:\/\/www.whydontdo.it\/studiolegaledaneluzzi\/","logo":{"@type":"ImageObject","inLanguage":"it-IT","@id":"https:\/\/www.whydontdo.it\/studiolegaledaneluzzi\/#\/schema\/logo\/image\/","url":"https:\/\/www.whydontdo.it\/studiolegaledaneluzzi\/wp-content\/uploads\/sites\/7\/2021\/11\/src-logo.png","contentUrl":"https:\/\/www.whydontdo.it\/studiolegaledaneluzzi\/wp-content\/uploads\/sites\/7\/2021\/11\/src-logo.png","width":185,"height":185,"caption":"Studio Legale Daneluzzi"},"image":{"@id":"https:\/\/www.whydontdo.it\/studiolegaledaneluzzi\/#\/schema\/logo\/image\/"},"sameAs":["https:\/\/www.facebook.com\/studiolegaledaneluzzi","https:\/\/www.instagram.com\/studiolegaledaneluzzi","https:\/\/www.linkedin.com\/company\/studiolegaledaneluzzi\/"],"description":"Studio Legale con Avvocati Amministrativisti e del lavoro (giuslavoristi)","email":"info@studiolegaledaneluzzi.it","telephone":"+39 0422 491006","legalName":"Studio Legale Daneluzzi","foundingDate":"2004-01-01","numberOfEmployees":{"@type":"QuantitativeValue","minValue":"1","maxValue":"10"},"publishingPrinciples":"https:\/\/www.whydontdo.it\/studiolegaledaneluzzi\/privacy-gdpr-cookies\/","ownershipFundingInfo":"https:\/\/www.whydontdo.it\/studiolegaledaneluzzi\/privacy-gdpr-cookies\/","actionableFeedbackPolicy":"https:\/\/www.whydontdo.it\/studiolegaledaneluzzi\/privacy-gdpr-cookies\/","correctionsPolicy":"https:\/\/www.whydontdo.it\/studiolegaledaneluzzi\/privacy-gdpr-cookies\/","ethicsPolicy":"https:\/\/www.whydontdo.it\/studiolegaledaneluzzi\/privacy-gdpr-cookies\/"},{"@type":"Person","@id":"https:\/\/www.whydontdo.it\/studiolegaledaneluzzi\/#\/schema\/person\/1c79e582887e8ffc836645de47f4886c","name":"Avv. Chiara Daneluzzi","image":{"@type":"ImageObject","inLanguage":"it-IT","@id":"https:\/\/secure.gravatar.com\/avatar\/9b62efbedd9651dd7e69269564aa1773aaf74037f2be0fe3b45e41e4931fa911?s=96&d=mm&r=g","url":"https:\/\/secure.gravatar.com\/avatar\/9b62efbedd9651dd7e69269564aa1773aaf74037f2be0fe3b45e41e4931fa911?s=96&d=mm&r=g","contentUrl":"https:\/\/secure.gravatar.com\/avatar\/9b62efbedd9651dd7e69269564aa1773aaf74037f2be0fe3b45e41e4931fa911?s=96&d=mm&r=g","caption":"Avv. Chiara Daneluzzi"},"description":"Laureata in Giurisprudenza all'Universit\u00e0 di Trieste, l'Avv. Chiara Daneluzzi svolge la pratica forense dal 1999 occupandosi di diritto del lavoro, pubblico e privato, e di diritto amministrativo. \u00c8 membro del direttivo veneto dell\u2019Avvocati Giuslavoristi Italiani (AGI) e fa parte degli Avvocati Amministrativisti Veneti. Fonda lo Studio Legale Daneluzzi nel 2013, continuando ad occuparsi in maniera prevalente del diritto del lavoro e diritto amministrativo. Diventa Cassazionista nel 2016. \u00c8 referente legale del sindacato di polizia COISP Venezia e regionale, e del sindacato dei medici SNAMI Venezia. Opera a Venezia, Treviso e Pordenone.","sameAs":["https:\/\/www.studiolegaledaneluzzi.it","https:\/\/www.facebook.com\/studiolegaledaneluzzi","https:\/\/www.instagram.com\/studiolegaledaneluzzi\/","https:\/\/www.linkedin.com\/company\/studiolegaledaneluzzi"],"honorificPrefix":"Avv.","gender":"donna","knowsAbout":["diritto del lavoro","diritto amministrativo","cassazionista"],"knowsLanguage":["italiano","inglese"],"url":"https:\/\/www.whydontdo.it\/studiolegaledaneluzzi\/author\/chiarad\/"}]}},"jetpack_publicize_connections":[],"_links":{"self":[{"href":"https:\/\/www.whydontdo.it\/studiolegaledaneluzzi\/wp-json\/wp\/v2\/posts\/8193","targetHints":{"allow":["GET"]}}],"collection":[{"href":"https:\/\/www.whydontdo.it\/studiolegaledaneluzzi\/wp-json\/wp\/v2\/posts"}],"about":[{"href":"https:\/\/www.whydontdo.it\/studiolegaledaneluzzi\/wp-json\/wp\/v2\/types\/post"}],"author":[{"embeddable":true,"href":"https:\/\/www.whydontdo.it\/studiolegaledaneluzzi\/wp-json\/wp\/v2\/users\/4"}],"replies":[{"embeddable":true,"href":"https:\/\/www.whydontdo.it\/studiolegaledaneluzzi\/wp-json\/wp\/v2\/comments?post=8193"}],"version-history":[{"count":6,"href":"https:\/\/www.whydontdo.it\/studiolegaledaneluzzi\/wp-json\/wp\/v2\/posts\/8193\/revisions"}],"predecessor-version":[{"id":9436,"href":"https:\/\/www.whydontdo.it\/studiolegaledaneluzzi\/wp-json\/wp\/v2\/posts\/8193\/revisions\/9436"}],"wp:featuredmedia":[{"embeddable":true,"href":"https:\/\/www.whydontdo.it\/studiolegaledaneluzzi\/wp-json\/wp\/v2\/media\/8195"}],"wp:attachment":[{"href":"https:\/\/www.whydontdo.it\/studiolegaledaneluzzi\/wp-json\/wp\/v2\/media?parent=8193"}],"wp:term":[{"taxonomy":"category","embeddable":true,"href":"https:\/\/www.whydontdo.it\/studiolegaledaneluzzi\/wp-json\/wp\/v2\/categories?post=8193"},{"taxonomy":"post_tag","embeddable":true,"href":"https:\/\/www.whydontdo.it\/studiolegaledaneluzzi\/wp-json\/wp\/v2\/tags?post=8193"},{"taxonomy":"series","embeddable":true,"href":"https:\/\/www.whydontdo.it\/studiolegaledaneluzzi\/wp-json\/wp\/v2\/series?post=8193"}],"curies":[{"name":"wp","href":"https:\/\/api.w.org\/{rel}","templated":true}]}}