
{"id":941,"date":"2023-06-09T10:27:13","date_gmt":"2023-06-09T08:27:13","guid":{"rendered":"https:\/\/www.whydontdo.it\/studiolegaledaneluzzi\/?p=941&#038;preview=true&#038;preview_id=941"},"modified":"2026-09-02T08:58:04","modified_gmt":"2026-09-02T06:58:04","slug":"diritto-amministrativo","status":"publish","type":"post","link":"https:\/\/www.whydontdo.it\/studiolegaledaneluzzi\/diritto-amministrativo\/","title":{"rendered":"Diritto Amministrativo, che legale scegliere?"},"content":{"rendered":"\n<p class=\"wp-block-paragraph\">Sai cosa sia il <em>diritto amministrativo<\/em>? Ne hai mai sentito parlare? E sai a quale avvocato rivolgerti quando hai un problema di <em>diritto amministrativo<\/em>? Nell&#8217;articolo cercheremo di capirne di pi\u00f9.<\/p>\n\n\n\n<p class=\"yoast-reading-time__wrapper\"><span class=\"yoast-reading-time__icon\"><svg aria-hidden=\"true\" data-icon=\"clock\" width=\"20\" height=\"20\" style=\"display:inline-block;vertical-align:-0.1em\" role=\"img\" xmlns=\"http:\/\/www.w3.org\/2000\/svg\" viewbox=\"0 0 24 24\"><path d=\"M12 8v4l3 3m6-3a9 9 0 11-18 0 9 9 0 0118 0z\"><\/path><\/svg><\/span><span class=\"yoast-reading-time__spacer\" style=\"display:inline-block;width:1em\"><\/span><span class=\"yoast-reading-time__descriptive-text\">Tempo di lettura:  <\/span><span class=\"yoast-reading-time__reading-time\">7<\/span><span class=\"yoast-reading-time__time-unit\"> minuti<\/span><\/p>\n\n\n\n<div class=\"wp-block-yoast-seo-table-of-contents yoast-table-of-contents\"><h2>Argomenti trattati<\/h2><ul><li><a href=\"#definizione\" data-level=\"2\">La materia amministrativa<\/a><\/li><li><a href=\"#esempi\" data-level=\"2\">Alcuni esempi di diritto amministrativo<\/a><\/li><li><a href=\"#rimedi\" data-level=\"2\">Quali rimedi ho a disposizione?<\/a><\/li><li><a href=\"#In-quali-casi-ricorrere\" data-level=\"2\">In quali casi posso ricorrere?<\/a><\/li><li><a href=\"#davanti-a-quale-giudice\" data-level=\"2\">Davanti a quale giudice per il diritto amministrativo?<\/a><ul><li><a href=\"#Un-consiglio\" data-level=\"3\">Un consiglio da parte dello studio<\/a><\/li><\/ul><\/li><li><a href=\"#h-un-ultimo-suggerimento\" data-level=\"2\">Un ultimo suggerimento<\/a><\/li><li><a href=\"#h-l-importanza-della-copertura-assicurativa\" data-level=\"2\">L&#8217;importanza della copertura assicurativa<\/a><ul><li><a href=\"#h-lo-studio-e-abilitato-a-trattare-diritto-amministrativo\" data-level=\"3\">Lo Studio \u00e8 abilitato a trattare diritto amministrativo?<\/a><\/li><\/ul><\/li><\/ul><\/div>\n\n\n\n<h2 id=\"definizione\" class=\"wp-block-heading\">La materia amministrativa<\/h2>\n\n\n\n<p class=\"wp-block-paragraph\">Cominciamo col dire che il <em>diritto amministrativo<\/em> \u00e8 un mondo a parte nel panorama del diritto. Comprende tutti i rapporti tra il cittadino e la Pubblica amministrazione, che spesso vedrai indicata anche come PA. Si tratta dello Stato in tutte le sue articolazioni, cio\u00e8 Ministeri, Regioni, Province, Comuni. Ma comprende anche consorzi, autorit\u00e0 pubbliche, amministrazioni autonome ed aziende partecipate.<\/p>\n\n\n\n<div class=\"wp-block-group alignfull has-base-background-color has-background has-medium-font-size\"><div class=\"wp-block-group__inner-container is-layout-flow wp-block-group-is-layout-flow\">\n<div style=\"height:10px\" aria-hidden=\"true\" class=\"wp-block-spacer\"><\/div>\n\n\n\n<p class=\"has-text-align-center wp-block-paragraph\">Cercavi informazioni specifiche sul <em>Diritto Scolastico<\/em>?<\/p>\n\n\n\n<div class=\"wp-block-buttons has-custom-font-size has-medium-font-size is-vertical is-content-justification-center is-layout-flex wp-container-core-buttons-is-layout-6319bfdd wp-block-buttons-is-layout-flex\">\n<div style=\"--wp--block-button--width: 100;\" class=\"wp-block-button is-style-outline has-custom-width wp-block-button__width wp-block-button__width-100 is-style-outline--1\"><a class=\"wp-block-button__link wp-element-button\" href=\"https:\/\/www.whydontdo.it\/studiolegaledaneluzzi\/diritto-scolastico\/\" target=\"_blank\" rel=\"noopener\">LE TROVI QUI<\/a><\/div>\n<\/div>\n<\/div><\/div>\n\n\n\n<div style=\"height:20px\" aria-hidden=\"true\" class=\"wp-block-spacer\"><\/div>\n\n\n\n<p class=\"wp-block-paragraph\">ll <em>diritto amministrativo <\/em>comprende sia le norme che regolano i rapporti tra cittadini e amministrazione, sia quelle che regolano il processo dedicato a questi rapporti.<br>Come regola generale, il rapporto tra cittadino ed amministrazione \u00e8 alla pari. Il cittadino ha diritti che si possono far valere. L&#8217;insieme di questi rapporti tra cittadino e pubblica amministrazione \u00e8 il <em>diritto amministrativo<\/em>.<\/p>\n\n\n\n<h2 id=\"esempi\" class=\"wp-block-heading\">Alcuni esempi di <em>diritto amministrativo<\/em><\/h2>\n\n\n\n<p class=\"wp-block-paragraph\">Il Comune non ti rilascia un permesso di costruire che hai chiesto? Oppure ti ordina la demolizione di un immobile abusivo o pericolante? Si tratta di <em>diritto amministrativo<\/em>, pi\u00f9 precisamente dell&#8217;urbanistica ed edilizia.<\/p>\n\n\n\n<div class=\"wp-block-buttons is-layout-flex wp-block-buttons-is-layout-flex\">\n<div style=\"--wp--block-button--width: 100;\" class=\"wp-block-button is-style-fill margin-bottom-10 has-custom-width wp-block-button__width wp-block-button__width-100\"><a class=\"wp-block-button__link wp-element-button\" href=\"https:\/\/www.whydontdo.it\/studiolegaledaneluzzi\/permesso-di-costruire\/\">Leggi anche  &#8220;Quando serve il permesso di costruire?&#8221;<\/a><\/div>\n<\/div>\n\n\n\n<p class=\"wp-block-paragraph\">Ancora, vorresti ricorrere contro la bocciatura di tuo figlio? Si tratta, di nuovo, di <em>diritto amministrativo.<\/em><\/p>\n\n\n\n<div class=\"wp-block-buttons is-layout-flex wp-block-buttons-is-layout-flex\">\n<div style=\"--wp--block-button--width: 100;\" class=\"wp-block-button is-style-fill margin-bottom-10 has-custom-width wp-block-button__width wp-block-button__width-100\"><a class=\"wp-block-button__link wp-element-button\" href=\"https:\/\/www.whydontdo.it\/studiolegaledaneluzzi\/bocciatura\/\">Leggi &#8220;Bocciatura a scuola, che fare?&#8221;<\/a><\/div>\n<\/div>\n\n\n\n<p class=\"wp-block-paragraph\">Oppure hai partecipato ad un concorso per l&#8217;assunzione nel pubblico impiego e ti escludono, o ti passa davanti un candidato con meno titoli. Siamo sempre nell&#8217;ambito del <em>diritto amministrativo<\/em>.<\/p>\n\n\n\n<div class=\"wp-block-buttons is-layout-flex wp-block-buttons-is-layout-flex\">\n<div style=\"--wp--block-button--width: 100;\" class=\"wp-block-button is-style-fill margin-bottom-10 has-custom-width wp-block-button__width wp-block-button__width-100\"><a class=\"wp-block-button__link wp-element-button\" href=\"https:\/\/www.whydontdo.it\/studiolegaledaneluzzi\/impugnare-un-bando-di-concorso\/\">Approfondisci leggendo &#8220;Quanto tempo c\u2019\u00e8 per impugnare un bando?&#8221;<\/a><\/div>\n<\/div>\n\n\n\n<p class=\"wp-block-paragraph\">Gestisci una concessione e il Comune te la revoca? Si tratta sempre di <em>diritto amministrativo<\/em>, precisamente <em>concessioni<\/em>. La pubblica amministrazione non risponde ad una tua <em>istanza<\/em> o richiesta? Siamo sempre nella materia amministrativa. <\/p>\n\n\n\n<div class=\"wp-block-buttons is-layout-flex wp-block-buttons-is-layout-flex\">\n<div style=\"--wp--block-button--width: 100;\" class=\"wp-block-button is-style-fill margin-bottom-10 has-custom-width wp-block-button__width wp-block-button__width-100\"><a class=\"wp-block-button__link wp-element-button\" href=\"https:\/\/www.whydontdo.it\/studiolegaledaneluzzi\/pubblica-amministrazione-non-risponde\/\">Se la pubblica amministrazione non ti risponde, leggi qui!<\/a><\/div>\n<\/div>\n\n\n\n<p class=\"wp-block-paragraph\">Anche i casi in cui vale il silenzio-assenso rientrano nel diritto amministrativo. Abbiamo scritto un articolo in proposito.<\/p>\n\n\n\n<div class=\"wp-block-buttons is-layout-flex wp-block-buttons-is-layout-flex\">\n<div style=\"--wp--block-button--width: 100;\" class=\"wp-block-button is-style-fill margin-bottom-10 has-custom-width wp-block-button__width wp-block-button__width-100\"><a class=\"wp-block-button__link wp-element-button\" href=\"https:\/\/www.whydontdo.it\/studiolegaledaneluzzi\/silenzio-assenso-vale-sempre\/\">Leggi anche &#8220;Silenzio &#8211; Assenso: vale sempre?&#8221;<\/a><\/div>\n<\/div>\n\n\n\n<p class=\"wp-block-paragraph\">Insomma, il <em>diritto amministrativo<\/em> \u00e8 un vero universo a parte col quale per\u00f2 abbiamo tutti a che fare ogni giorno. E ricordiamo che la Pubblica Amministrazione deve, in tutte le sue azioni, rispettare <a href=\"https:\/\/www.whydontdo.it\/studiolegaledaneluzzi\/series\/principi-cardine-pubblica-amministrazione\/\">i Principi Cardine<\/a><\/p>\n\n\n\n<figure class=\"wp-block-image size-full is-resized is-style-default wp-duotone-000000-7f7f7f-2\"><img loading=\"lazy\" decoding=\"async\" width=\"382\" height=\"239\" src=\"https:\/\/www.whydontdo.it\/studiolegaledaneluzzi\/wp-content\/uploads\/sites\/7\/2022\/05\/diritto-amministrativo-sportello-studio-legale-daneluzzi-amministrativista-edited.jpeg\" alt=\"diritto amministrativo coda allo sportello studio legale daneluzzi amministrativista\" class=\"wp-image-1026\" style=\"width:598px;height:undefinedpx\" srcset=\"https:\/\/www.whydontdo.it\/studiolegaledaneluzzi\/wp-content\/uploads\/sites\/7\/2022\/05\/diritto-amministrativo-sportello-studio-legale-daneluzzi-amministrativista-edited.jpeg 382w, https:\/\/www.whydontdo.it\/studiolegaledaneluzzi\/wp-content\/uploads\/sites\/7\/2022\/05\/diritto-amministrativo-sportello-studio-legale-daneluzzi-amministrativista-edited-300x188.jpeg 300w\" sizes=\"auto, (max-width: 382px) 100vw, 382px\" \/><figcaption class=\"wp-element-caption\">Amministrativista: il legale pi\u00f9 adatto a trattare con la Pubblica Amministrazione<\/figcaption><\/figure>\n\n\n\n<h2 id=\"rimedi\" class=\"wp-block-heading\">Quali rimedi ho a disposizione?<\/h2>\n\n\n\n<p class=\"wp-block-paragraph\">Il procedimento amministrativo prevede sempre la partecipazione del cittadino, pensiamo alle osservazioni che si possono inoltrare ai sensi dell&#8217;articolo 10 L. n. 241\/90. A proposito: \u00e8 sempre bene tenere la normativa a portata di mano quando si ha a che fare con la pubblica amministrazione!<\/p>\n\n\n\n<div class=\"wp-block-buttons is-layout-flex wp-block-buttons-is-layout-flex\">\n<div style=\"--wp--block-button--width: 100;\" class=\"wp-block-button is-style-outline has-custom-width wp-block-button__width wp-block-button__width-100 is-style-outline--3\"><a class=\"wp-block-button__link wp-element-button\" href=\"https:\/\/www.normattiva.it\/uri-res\/N2Ls?urn:nir:stato:legge:1990-08-07;241!vig=\" target=\"_blank\" rel=\"noreferrer noopener download\">TESTO COMPLETO DELLA LEGGE 241\/1990!<\/a><\/div>\n<\/div>\n\n\n\n<div style=\"height:10px\" aria-hidden=\"true\" class=\"wp-block-spacer\"><\/div>\n\n\n\n<p class=\"wp-block-paragraph\">Infatti, salvo pochissime eccezioni, il cittadino <span style=\"text-decoration: underline\">ha sempre diritto di prendere visione degli atti del procedimento<\/span> e inviare note ed osservazioni.&nbsp;<\/p>\n\n\n\n<p class=\"wp-block-paragraph\">Quindi <span style=\"text-decoration: underline\">il cittadino pu\u00f2 sempre scrivere alla amministrazione e far presente<\/span> le cose che secondo lui non sono corrette. In molti casi c&#8217;\u00e8 poi la possibilit\u00e0 di proporre un ricorso amministrativo o gerarchico, che significa impugnare per iscritto una decisione amministrativa chiedendone la modifica. Tuttavia se queste azioni non portano i risultati sperati, non resta che ricorrere in giudizio.<\/p>\n\n\n\n<h2 id=\"In-quali-casi-ricorrere\" class=\"wp-block-heading\">In quali casi posso ricorrere?<\/h2>\n\n\n\n<p class=\"wp-block-paragraph\">Non possiamo impugnare un provvedimento amministrativo solo perch\u00e9 non ci piace. <strong>Si pu\u00f2 impugnare solo il provvedimento illegittimo<\/strong>, che cio\u00e8 v\u00ecola la legge. Per\u00f2 \u00e8 molto complesso individuare correttamente i vizi di un provvedimento amministrativo. Occorre rivolgersi ad un avvocato esperto nella materia.<\/p>\n\n\n\n<blockquote class=\"wp-block-quote is-style-large is-layout-flow wp-block-quote-is-layout-flow\">\n<p class=\"wp-block-paragraph\">&#8220;Individuare male o trascurare alcuni vizi significa sanare definitivamente un provvedimento anche se illegittimo. Dopo non si potr\u00e0 pi\u00f9 fare nulla.&#8221;<\/p>\n<\/blockquote>\n\n\n\n<p class=\"wp-block-paragraph\"><strong>Il futuro dell\u2019Avvocatura \u00e8 certamente la specializzazione<\/strong>. Data la sempre maggiore complessit\u00e0 del quadro normativo che caratterizza la nostra societ\u00e0 ed economia, con il DM 163\/2020, lo Stato si \u00e8 preoccupato di fornire una sorta di &#8220;bollino&#8221; per le specializzazioni. Un percorso sicuramente solo all\u2019inizio, ma che dar\u00e0 sicuramente vantaggi ai futuri clienti.<\/p>\n\n\n\n<div class=\"wp-block-buttons is-layout-flex wp-block-buttons-is-layout-flex\">\n<div style=\"--wp--block-button--width: 100;\" class=\"wp-block-button is-style-fill margin-bottom-10 has-custom-width wp-block-button__width wp-block-button__width-100\"><a class=\"wp-block-button__link wp-element-button\" href=\"https:\/\/www.whydontdo.it\/studiolegaledaneluzzi\/quali-sono-le-specializzazioni-forensi\/\">Ne parliamo nel dettaglio QUI nell&#8217;articolo sulle &#8220;Specializzazioni Forensi&#8221;<\/a><\/div>\n<\/div>\n\n\n\n<h2 id=\"davanti-a-quale-giudice\" class=\"wp-block-heading\">Davanti a quale giudice per il diritto amministrativo?<\/h2>\n\n\n\n<p class=\"wp-block-paragraph\">Il giudice che che tratta il <em>diritto amministrativo<\/em> \u00e8 il Tribunale Amministrativo Regionale, o TAR. Ne avrai sentito parlare. Il giudice d&#8217;appello invece \u00e8 il Consiglio di Stato. Ricordiamo poi che per impugnare un provvedimento amministrativo abbiamo un <strong>termine inderogabile di 60 giorni<\/strong>: se lo perdiamo, non potremo pi\u00f9 fare nulla.<\/p>\n\n\n\n<p class=\"wp-block-paragraph\">Puoi anche impugnare un provvedimento amministrativo avanti il Capo dello Stato, senza avvocato. Si fa con un ricorso straordinario entro 120 giorni. Inutile dire che questa \u00e8 per\u00f2 una scelta molto rischiosa!<\/p>\n\n\n\n<p class=\"wp-block-paragraph\">La controparte pu\u00f2 sempre chiedere di spostare la causa avanti al TAR, e se hai commesso errori o perso termini non si potr\u00e0 pi\u00f9 rimediare! Dunque \u00e8 meglio evitare questa strada e rivolgersi sempre ad un avvocato esperto nel <em>diritto amministrativo<\/em>.<\/p>\n\n\n\n<h2 class=\"wp-block-heading avvocato amministtativista\">Quale avvocato per il <em>diritto amministrativo<\/em>?<\/h2>\n\n\n\n<p class=\"wp-block-paragraph\">Ma da quale avvocato andare se hai uno dei problemi descritti pi\u00f9 sopra? <br>Ti serve un <strong>avvocato amministrativista<\/strong>, cio\u00e8 l&#8217;avvocato esperto nel <em>diritto amministrativo<\/em>. L&#8217;<strong>amministrativista<\/strong> \u00e8 competente a trattare le questioni di diritto amministrativo avanti il TAR ed il Consiglio di Stato. <\/p>\n\n\n\n<div class=\"wp-block-cover has-custom-content-position is-position-top-left wp-duotone-000000-7f7f7f-5\" style=\"min-height:111px;aspect-ratio:unset;\"><span aria-hidden=\"true\" class=\"wp-block-cover__background has-contrast-2-background-color has-background-dim-100 has-background-dim\"><\/span><div class=\"wp-block-cover__inner-container is-layout-flow wp-block-cover-is-layout-flow\">\n<h3 id=\"Un-consiglio\" class=\"wp-block-heading\">Un consiglio da parte dello studio<\/h3>\n\n\n\n<p class=\"wp-block-paragraph\">Per sapere se l&#8217;avvocato che vuoi incaricare \u00e8 un <strong>amministrativista<\/strong> puoi cercare il suo nome tra gli iscritti ad una associazione di avvocati amministrativisti. Magari proprio ad una importante come l\u2019<strong>Associazione Amministrativisti Veneti<\/strong>.<\/p>\n\n\n\n<div class=\"wp-block-buttons is-content-justification-center is-layout-flex wp-container-core-buttons-is-layout-fe48e5de wp-block-buttons-is-layout-flex\">\n<div style=\"--wp--block-button--width: 100;\" class=\"wp-block-button is-style-outline margin-bottom-10 has-custom-width wp-block-button__width wp-block-button__width-100 is-style-outline--4\"><a class=\"wp-block-button__link has-contrast-2-background-color has-background wp-element-button\" href=\"https:\/\/www.amministrativistiveneti.it\/elenco-associati\/\">Verifica QUI se il tuo legale \u00e8 presente<\/a><\/div>\n<\/div>\n\n\n\n<p class=\"wp-block-paragraph\">Si tratta di una associazione professionale che raggruppa avvocati esperti nel <em>diritto amministrativo<\/em> che trattano in prevalenza questa materia, e ha lo scopo di assicurarne la formazione professionale e lo standard di competenza.<\/p>\n<\/div><\/div>\n\n\n\n<h2 id=\"h-un-ultimo-suggerimento\" class=\"wp-block-heading\">Un ultimo suggerimento<\/h2>\n\n\n\n<p class=\"wp-block-paragraph\">Un ultimo consiglio: rivolgiti ad un legale per una consulenza <strong>fin dai primi rapporti con l&#8217;amministrazione senza aspettare i problemi<\/strong>.<\/p>\n\n\n\n<blockquote class=\"wp-block-quote is-style-large is-layout-flow wp-block-quote-is-layout-flow\" style=\"font-style:normal;font-weight:600\">\n<p class=\"wp-block-paragraph\">La giusta consulenza oggi, pu\u00f2 evitarti una causa domani, o permetterti addirittura di vincerla se questa sar\u00e0 inevitabile.<\/p>\n<\/blockquote>\n\n\n\n<h2 id=\"h-l-importanza-della-copertura-assicurativa\" class=\"wp-block-heading\">L&#8217;importanza della copertura assicurativa<\/h2>\n\n\n\n<p class=\"wp-block-paragraph\">Un aspetto che spesso i Clienti trascurano o ignorano \u00e8 la copertura assicurativa dell&#8217;avvocato che scelgono. La legge n. 247\/2012 impone che gli avvocati si dotino di una assicurazione professionale per tutelare i Clienti dai loro eventuali errori professionali. Questo studio si \u00e8 dotato di copertura assicurativa professionale molti anni prima che diventasse obbligatoria!<br>Pretendete sempre di conoscere la polizza che assicura per la responsabilit\u00e0 professionale l&#8217;avvocato che volete incaricare.<br>La nostra \u00e8: Polizza prof. n. ICNF000002\/008710 AIG Europe S.A.<\/p>\n\n\n\n<h3 id=\"h-lo-studio-e-abilitato-a-trattare-diritto-amministrativo\" class=\"wp-block-heading\">Lo Studio \u00e8 abilitato a trattare diritto amministrativo?<\/h3>\n\n\n\n<p class=\"wp-block-paragraph\">Sicuramente\u00a0<strong>S\u00cc<\/strong>. Lo Studio Legale Daneluzzi tratta da decenni di\u00a0<em><a href=\"https:\/\/www.whydontdo.it\/studiolegaledaneluzzi\/diritto-amministrativo\/\" target=\"_blank\" rel=\"noreferrer noopener\">diritto amministrativo<\/a><\/em>, ottenendo\u00a0<a href=\"https:\/\/www.whydontdo.it\/studiolegaledaneluzzi\/category\/successi\/\">molti successi in materia<\/a>.<br>L&#8217;avv. Chiara Daneluzzi \u00e8\u00a0<strong>avvocato amministrativista sin dal 1999<\/strong>, tratta ed \u00e8 esperto in\u00a0<em>controversie con la Pubblica Amministrazione<\/em>\u00a0ed \u00e8 membro della prestigiosa\u00a0<em><a href=\"http:\/\/www.amministrativistiveneti.it\/elenco-associati\/\" target=\"_blank\" rel=\"noreferrer noopener\">Associazione Avvocati Amministrativisti<\/a><\/em>. Lo Studio pu\u00f2 offrire sia\u00a0<em>consulenza<\/em>\u00a0che\u00a0<em>assisterti in giudizio<\/em>\u00a0e patrocina\u00a0<strong>ricorsi avanti TAR<\/strong>\u00a0e\u00a0<strong>Consiglio di Stato<\/strong>, nonch\u00e9 avanti la <strong>Corte dei Conti<\/strong>, essendo l\u2019avv. Daneluzzi anche\u00a0<a href=\"https:\/\/www.whydontdo.it\/studiolegaledaneluzzi\/avvocato-cassazionista\/\">Cassazionista<\/a>.<br><strong>Affidatevi a noi con fiducia<\/strong>\u00a0nelle\u00a0<a href=\"https:\/\/www.whydontdo.it\/studiolegaledaneluzzi\/avvocato-amministrativista-a-treviso-e-venezia\/\" target=\"_blank\" rel=\"noreferrer noopener\">sedi di Venezia, Treviso e Pordenone<\/a>.<\/p>\n\n\n\n<div class=\"wp-block-buttons is-content-justification-center is-layout-flex wp-container-core-buttons-is-layout-fe48e5de wp-block-buttons-is-layout-flex\">\n<div class=\"wp-block-button has-custom-width wp-block-button__width-100 is-style-fill\"><a class=\"wp-block-button__link has-text-align-center wp-element-button\" href=\"#contatti\" style=\"border-radius:6px\">CONTATTA LO STUDIO<\/a><\/div>\n<\/div>\n\n\n\n<div style=\"height:10px\" aria-hidden=\"true\" class=\"wp-block-spacer\"><\/div>\n\n\n<p class=\"has-text-align-center wp-block-site-tagline has-small-font-size\">Professionalit\u00e0 e Competenza dalla TUA parte<\/p>","protected":false},"excerpt":{"rendered":"<p>Sai cos&#8217;\u00e8 il diritto amministrativo? E sai a quale professionista rivolgerti quando hai un problema con la Pubblica Amministrazione?<\/p>\n","protected":false},"author":4,"featured_media":1009,"comment_status":"closed","ping_status":"open","sticky":true,"template":"","format":"standard","meta":{"_mbp_gutenberg_autopost":false,"_themeisle_gutenberg_block_has_review":false,"footnotes":"","jetpack_publicize_message":"","jetpack_publicize_feature_enabled":false,"jetpack_social_post_already_shared":true,"jetpack_social_options":{"image_generator_settings":{"template":"highway","default_image_id":0,"font":"","enabled":false},"version":2}},"categories":[143,27,140,342,48,129],"tags":[122,282,255,258,279,280,281,269],"series":[],"class_list":["post-941","post","type-post","status-publish","format-standard","has-post-thumbnail","hentry","category-concorsi","category-contratti-rapporti","category-convenzionati","category-faq","category-pubblica-amministrazione","category-urbanistica-e-appalti","tag-amministrativista","tag-avvocato-amministrativista","tag-contratto","tag-diritto-amministrativo","tag-l-241-1990","tag-normativa","tag-permesso","tag-permesso-negato"],"pp_statuses_selecting_workflow":false,"pp_workflow_action":"current","pp_status_selection":"publish","yoast_head":"<!-- This site is optimized with the Yoast SEO Premium plugin v28.2 (Yoast SEO v28.4) - https:\/\/yoast.com\/product\/yoast-seo-premium-wordpress\/ -->\n<title>Diritto Amministrativo, che legale scegliere? Studio Daneluzzi<\/title>\n<meta name=\"description\" content=\"Sai cos&#039;\u00e8 il diritto amministrativo? E sai a quale professionista rivolgerti quando hai un problema con la Pubblica Amministrazione?\" \/>\n<meta name=\"robots\" content=\"index, follow, max-snippet:-1, max-image-preview:large, max-video-preview:-1\" \/>\n<link rel=\"canonical\" href=\"https:\/\/www.whydontdo.it\/studiolegaledaneluzzi\/diritto-amministrativo\/\" \/>\n<meta property=\"og:locale\" content=\"it_IT\" \/>\n<meta property=\"og:type\" content=\"article\" \/>\n<meta property=\"og:title\" content=\"Diritto Amministrativo. Cosa comprende e chi ne \u00e8 lo specialista?\" \/>\n<meta property=\"og:description\" content=\"Sai cos&#039;\u00e8 il diritto amministrativo? E sai a quale professionista rivolgerti quando hai un problema con la Pubblica Amministrazione?\" \/>\n<meta property=\"og:url\" content=\"https:\/\/www.whydontdo.it\/studiolegaledaneluzzi\/diritto-amministrativo\/\" \/>\n<meta property=\"og:site_name\" content=\"Studio Legale Daneluzzi\" \/>\n<meta property=\"article:publisher\" content=\"https:\/\/www.facebook.com\/studiolegaledaneluzzi\" \/>\n<meta property=\"article:author\" content=\"https:\/\/www.facebook.com\/studiolegaledaneluzzi\" \/>\n<meta property=\"article:published_time\" content=\"2023-06-09T08:27:13+00:00\" \/>\n<meta property=\"article:modified_time\" content=\"2026-09-02T06:58:04+00:00\" \/>\n<meta property=\"og:image\" content=\"https:\/\/www.whydontdo.it\/studiolegaledaneluzzi\/wp-content\/uploads\/sites\/7\/2022\/05\/Diritto-Amministrativo-Avvocato-Amministrativista-Studio-Legale-Daneluzzi.jpg\" \/>\n\t<meta property=\"og:image:width\" content=\"1280\" \/>\n\t<meta property=\"og:image:height\" content=\"720\" \/>\n\t<meta property=\"og:image:type\" content=\"image\/jpeg\" \/>\n<meta name=\"author\" content=\"Avv. Chiara Daneluzzi\" \/>\n<meta name=\"twitter:card\" content=\"summary_large_image\" \/>\n<meta name=\"twitter:title\" content=\"Diritto Amministrativo, che legale scegliere?\" \/>\n<meta name=\"twitter:description\" content=\"Sai cos&#039;\u00e8 il diritto amministrativo? E sai a quale professionista rivolgerti quando hai un problema con la Pubblica Amministrazione?\" \/>\n<meta name=\"twitter:image\" content=\"https:\/\/www.whydontdo.it\/studiolegaledaneluzzi\/wp-content\/uploads\/sites\/7\/2022\/05\/Diritto-Amministrativo-Avvocato-Amministrativista-Studio-Legale-Daneluzzi.jpg\" \/>\n<script type=\"application\/ld+json\" class=\"yoast-schema-graph\">{\"@context\":\"https:\\\/\\\/schema.org\",\"@graph\":[{\"@type\":\"TechArticle\",\"@id\":\"https:\\\/\\\/www.whydontdo.it\\\/studiolegaledaneluzzi\\\/diritto-amministrativo\\\/#article\",\"isPartOf\":{\"@id\":\"https:\\\/\\\/www.whydontdo.it\\\/studiolegaledaneluzzi\\\/diritto-amministrativo\\\/\"},\"author\":{\"name\":\"Avv. Chiara Daneluzzi\",\"@id\":\"https:\\\/\\\/www.whydontdo.it\\\/studiolegaledaneluzzi\\\/#\\\/schema\\\/person\\\/1c79e582887e8ffc836645de47f4886c\"},\"headline\":\"Diritto Amministrativo, che legale scegliere?\",\"datePublished\":\"2023-06-09T08:27:13+00:00\",\"dateModified\":\"2026-09-02T06:58:04+00:00\",\"mainEntityOfPage\":{\"@id\":\"https:\\\/\\\/www.whydontdo.it\\\/studiolegaledaneluzzi\\\/diritto-amministrativo\\\/\"},\"wordCount\":1085,\"publisher\":{\"@id\":\"https:\\\/\\\/www.whydontdo.it\\\/studiolegaledaneluzzi\\\/#organization\"},\"image\":{\"@id\":\"https:\\\/\\\/www.whydontdo.it\\\/studiolegaledaneluzzi\\\/diritto-amministrativo\\\/#primaryimage\"},\"thumbnailUrl\":\"https:\\\/\\\/www.whydontdo.it\\\/studiolegaledaneluzzi\\\/wp-content\\\/uploads\\\/sites\\\/7\\\/2022\\\/05\\\/Diritto-Amministrativo-Avvocato-Amministrativista-Studio-Legale-Daneluzzi.jpg\",\"keywords\":[\"amministrativista\",\"avvocato amministrativista\",\"contratto\",\"diritto amministrativo\",\"L.241\\\/1990\",\"Normativa\",\"permesso\",\"permesso negato\"],\"articleSection\":[\"Concorsi\",\"Contratti e Rapporti\",\"Convenzioni Associative\",\"FAQ\",\"Pubblica Amministrazione\",\"Urbanistica e Appalti\"],\"inLanguage\":\"it-IT\",\"accessibilityFeature\":[\"tableOfContents\"]},{\"@type\":\"WebPage\",\"@id\":\"https:\\\/\\\/www.whydontdo.it\\\/studiolegaledaneluzzi\\\/diritto-amministrativo\\\/\",\"url\":\"https:\\\/\\\/www.whydontdo.it\\\/studiolegaledaneluzzi\\\/diritto-amministrativo\\\/\",\"name\":\"Diritto Amministrativo, che legale scegliere? Studio Daneluzzi\",\"isPartOf\":{\"@id\":\"https:\\\/\\\/www.whydontdo.it\\\/studiolegaledaneluzzi\\\/#website\"},\"primaryImageOfPage\":{\"@id\":\"https:\\\/\\\/www.whydontdo.it\\\/studiolegaledaneluzzi\\\/diritto-amministrativo\\\/#primaryimage\"},\"image\":{\"@id\":\"https:\\\/\\\/www.whydontdo.it\\\/studiolegaledaneluzzi\\\/diritto-amministrativo\\\/#primaryimage\"},\"thumbnailUrl\":\"https:\\\/\\\/www.whydontdo.it\\\/studiolegaledaneluzzi\\\/wp-content\\\/uploads\\\/sites\\\/7\\\/2022\\\/05\\\/Diritto-Amministrativo-Avvocato-Amministrativista-Studio-Legale-Daneluzzi.jpg\",\"datePublished\":\"2023-06-09T08:27:13+00:00\",\"dateModified\":\"2026-09-02T06:58:04+00:00\",\"description\":\"Sai cos'\u00e8 il diritto amministrativo? E sai a quale professionista rivolgerti quando hai un problema con la Pubblica Amministrazione?\",\"breadcrumb\":{\"@id\":\"https:\\\/\\\/www.whydontdo.it\\\/studiolegaledaneluzzi\\\/diritto-amministrativo\\\/#breadcrumb\"},\"inLanguage\":\"it-IT\",\"potentialAction\":[{\"@type\":\"ReadAction\",\"target\":[\"https:\\\/\\\/www.whydontdo.it\\\/studiolegaledaneluzzi\\\/diritto-amministrativo\\\/\"]}]},{\"@type\":\"ImageObject\",\"inLanguage\":\"it-IT\",\"@id\":\"https:\\\/\\\/www.whydontdo.it\\\/studiolegaledaneluzzi\\\/diritto-amministrativo\\\/#primaryimage\",\"url\":\"https:\\\/\\\/www.whydontdo.it\\\/studiolegaledaneluzzi\\\/wp-content\\\/uploads\\\/sites\\\/7\\\/2022\\\/05\\\/Diritto-Amministrativo-Avvocato-Amministrativista-Studio-Legale-Daneluzzi.jpg\",\"contentUrl\":\"https:\\\/\\\/www.whydontdo.it\\\/studiolegaledaneluzzi\\\/wp-content\\\/uploads\\\/sites\\\/7\\\/2022\\\/05\\\/Diritto-Amministrativo-Avvocato-Amministrativista-Studio-Legale-Daneluzzi.jpg\",\"width\":1280,\"height\":720,\"caption\":\"Diritto Amministrativo Avvocato Amministrativista Studio Legale Daneluzzi\"},{\"@type\":\"BreadcrumbList\",\"@id\":\"https:\\\/\\\/www.whydontdo.it\\\/studiolegaledaneluzzi\\\/diritto-amministrativo\\\/#breadcrumb\",\"itemListElement\":[{\"@type\":\"ListItem\",\"position\":1,\"name\":\"Diritto Amministrativo (P.A.)\",\"item\":\"https:\\\/\\\/www.whydontdo.it\\\/studiolegaledaneluzzi\\\/category\\\/pubblica-amministrazione\\\/\"},{\"@type\":\"ListItem\",\"position\":2,\"name\":\"avvocato amministrativista\"}]},{\"@type\":\"WebSite\",\"@id\":\"https:\\\/\\\/www.whydontdo.it\\\/studiolegaledaneluzzi\\\/#website\",\"url\":\"https:\\\/\\\/www.whydontdo.it\\\/studiolegaledaneluzzi\\\/\",\"name\":\"Studio Legale Daneluzzi\",\"description\":\"Professionalit\u00e0 e Competenza dalla TUA parte\",\"publisher\":{\"@id\":\"https:\\\/\\\/www.whydontdo.it\\\/studiolegaledaneluzzi\\\/#organization\"},\"alternateName\":\"Avv. Daneluzzi\",\"potentialAction\":[{\"@type\":\"SearchAction\",\"target\":{\"@type\":\"EntryPoint\",\"urlTemplate\":\"https:\\\/\\\/www.whydontdo.it\\\/studiolegaledaneluzzi\\\/?s={search_term_string}\"},\"query-input\":{\"@type\":\"PropertyValueSpecification\",\"valueRequired\":true,\"valueName\":\"search_term_string\"}}],\"inLanguage\":\"it-IT\"},{\"@type\":\"Organization\",\"@id\":\"https:\\\/\\\/www.whydontdo.it\\\/studiolegaledaneluzzi\\\/#organization\",\"name\":\"Studio Legale Daneluzzi\",\"alternateName\":\"Avv. Daneluzzi\",\"url\":\"https:\\\/\\\/www.whydontdo.it\\\/studiolegaledaneluzzi\\\/\",\"logo\":{\"@type\":\"ImageObject\",\"inLanguage\":\"it-IT\",\"@id\":\"https:\\\/\\\/www.whydontdo.it\\\/studiolegaledaneluzzi\\\/#\\\/schema\\\/logo\\\/image\\\/\",\"url\":\"https:\\\/\\\/www.whydontdo.it\\\/studiolegaledaneluzzi\\\/wp-content\\\/uploads\\\/sites\\\/7\\\/2021\\\/11\\\/src-logo.png\",\"contentUrl\":\"https:\\\/\\\/www.whydontdo.it\\\/studiolegaledaneluzzi\\\/wp-content\\\/uploads\\\/sites\\\/7\\\/2021\\\/11\\\/src-logo.png\",\"width\":185,\"height\":185,\"caption\":\"Studio Legale Daneluzzi\"},\"image\":{\"@id\":\"https:\\\/\\\/www.whydontdo.it\\\/studiolegaledaneluzzi\\\/#\\\/schema\\\/logo\\\/image\\\/\"},\"sameAs\":[\"https:\\\/\\\/www.facebook.com\\\/studiolegaledaneluzzi\",\"https:\\\/\\\/www.instagram.com\\\/studiolegaledaneluzzi\",\"https:\\\/\\\/www.linkedin.com\\\/company\\\/studiolegaledaneluzzi\\\/\"],\"description\":\"Studio Legale con Avvocati Amministrativisti e del lavoro (giuslavoristi)\",\"email\":\"info@studiolegaledaneluzzi.it\",\"telephone\":\"+39 0422 491006\",\"legalName\":\"Studio Legale Daneluzzi\",\"foundingDate\":\"2004-01-01\",\"numberOfEmployees\":{\"@type\":\"QuantitativeValue\",\"minValue\":\"1\",\"maxValue\":\"10\"},\"publishingPrinciples\":\"https:\\\/\\\/www.whydontdo.it\\\/studiolegaledaneluzzi\\\/privacy-gdpr-cookies\\\/\",\"ownershipFundingInfo\":\"https:\\\/\\\/www.whydontdo.it\\\/studiolegaledaneluzzi\\\/privacy-gdpr-cookies\\\/\",\"actionableFeedbackPolicy\":\"https:\\\/\\\/www.whydontdo.it\\\/studiolegaledaneluzzi\\\/privacy-gdpr-cookies\\\/\",\"correctionsPolicy\":\"https:\\\/\\\/www.whydontdo.it\\\/studiolegaledaneluzzi\\\/privacy-gdpr-cookies\\\/\",\"ethicsPolicy\":\"https:\\\/\\\/www.whydontdo.it\\\/studiolegaledaneluzzi\\\/privacy-gdpr-cookies\\\/\"},{\"@type\":\"Person\",\"@id\":\"https:\\\/\\\/www.whydontdo.it\\\/studiolegaledaneluzzi\\\/#\\\/schema\\\/person\\\/1c79e582887e8ffc836645de47f4886c\",\"name\":\"Avv. Chiara Daneluzzi\",\"image\":{\"@type\":\"ImageObject\",\"inLanguage\":\"it-IT\",\"@id\":\"https:\\\/\\\/secure.gravatar.com\\\/avatar\\\/9b62efbedd9651dd7e69269564aa1773aaf74037f2be0fe3b45e41e4931fa911?s=96&d=mm&r=g\",\"url\":\"https:\\\/\\\/secure.gravatar.com\\\/avatar\\\/9b62efbedd9651dd7e69269564aa1773aaf74037f2be0fe3b45e41e4931fa911?s=96&d=mm&r=g\",\"contentUrl\":\"https:\\\/\\\/secure.gravatar.com\\\/avatar\\\/9b62efbedd9651dd7e69269564aa1773aaf74037f2be0fe3b45e41e4931fa911?s=96&d=mm&r=g\",\"caption\":\"Avv. Chiara Daneluzzi\"},\"description\":\"Laureata in Giurisprudenza all'Universit\u00e0 di Trieste, l'Avv. Chiara Daneluzzi svolge la pratica forense dal 1999 occupandosi di diritto del lavoro, pubblico e privato, e di diritto amministrativo. \u00c8 membro del direttivo veneto dell\u2019Avvocati Giuslavoristi Italiani (AGI) e fa parte degli Avvocati Amministrativisti Veneti. Fonda lo Studio Legale Daneluzzi nel 2013, continuando ad occuparsi in maniera prevalente del diritto del lavoro e diritto amministrativo. Diventa Cassazionista nel 2016. \u00c8 referente legale del sindacato di polizia COISP Venezia e regionale, e del sindacato dei medici SNAMI Venezia. Opera a Venezia, Treviso e Pordenone.\",\"sameAs\":[\"https:\\\/\\\/www.studiolegaledaneluzzi.it\",\"https:\\\/\\\/www.facebook.com\\\/studiolegaledaneluzzi\",\"https:\\\/\\\/www.instagram.com\\\/studiolegaledaneluzzi\\\/\",\"https:\\\/\\\/www.linkedin.com\\\/company\\\/studiolegaledaneluzzi\"],\"honorificPrefix\":\"Avv.\",\"gender\":\"donna\",\"knowsAbout\":[\"diritto del lavoro\",\"diritto amministrativo\",\"cassazionista\"],\"knowsLanguage\":[\"italiano\",\"inglese\"],\"url\":\"https:\\\/\\\/www.whydontdo.it\\\/studiolegaledaneluzzi\\\/author\\\/chiarad\\\/\"}]}<\/script>\n<!-- \/ Yoast SEO Premium plugin. -->","yoast_head_json":{"title":"Diritto Amministrativo, che legale scegliere? Studio Daneluzzi","description":"Sai cos'\u00e8 il diritto amministrativo? E sai a quale professionista rivolgerti quando hai un problema con la Pubblica Amministrazione?","robots":{"index":"index","follow":"follow","max-snippet":"max-snippet:-1","max-image-preview":"max-image-preview:large","max-video-preview":"max-video-preview:-1"},"canonical":"https:\/\/www.whydontdo.it\/studiolegaledaneluzzi\/diritto-amministrativo\/","og_locale":"it_IT","og_type":"article","og_title":"Diritto Amministrativo. Cosa comprende e chi ne \u00e8 lo specialista?","og_description":"Sai cos'\u00e8 il diritto amministrativo? E sai a quale professionista rivolgerti quando hai un problema con la Pubblica Amministrazione?","og_url":"https:\/\/www.whydontdo.it\/studiolegaledaneluzzi\/diritto-amministrativo\/","og_site_name":"Studio Legale Daneluzzi","article_publisher":"https:\/\/www.facebook.com\/studiolegaledaneluzzi","article_author":"https:\/\/www.facebook.com\/studiolegaledaneluzzi","article_published_time":"2023-06-09T08:27:13+00:00","article_modified_time":"2026-09-02T06:58:04+00:00","og_image":[{"width":1280,"height":720,"url":"https:\/\/www.whydontdo.it\/studiolegaledaneluzzi\/wp-content\/uploads\/sites\/7\/2022\/05\/Diritto-Amministrativo-Avvocato-Amministrativista-Studio-Legale-Daneluzzi.jpg","type":"image\/jpeg"}],"author":"Avv. Chiara Daneluzzi","twitter_card":"summary_large_image","twitter_title":"Diritto Amministrativo, che legale scegliere?","twitter_description":"Sai cos'\u00e8 il diritto amministrativo? E sai a quale professionista rivolgerti quando hai un problema con la Pubblica Amministrazione?","twitter_image":"https:\/\/www.whydontdo.it\/studiolegaledaneluzzi\/wp-content\/uploads\/sites\/7\/2022\/05\/Diritto-Amministrativo-Avvocato-Amministrativista-Studio-Legale-Daneluzzi.jpg","schema":{"@context":"https:\/\/schema.org","@graph":[{"@type":"TechArticle","@id":"https:\/\/www.whydontdo.it\/studiolegaledaneluzzi\/diritto-amministrativo\/#article","isPartOf":{"@id":"https:\/\/www.whydontdo.it\/studiolegaledaneluzzi\/diritto-amministrativo\/"},"author":{"name":"Avv. Chiara Daneluzzi","@id":"https:\/\/www.whydontdo.it\/studiolegaledaneluzzi\/#\/schema\/person\/1c79e582887e8ffc836645de47f4886c"},"headline":"Diritto Amministrativo, che legale scegliere?","datePublished":"2023-06-09T08:27:13+00:00","dateModified":"2026-09-02T06:58:04+00:00","mainEntityOfPage":{"@id":"https:\/\/www.whydontdo.it\/studiolegaledaneluzzi\/diritto-amministrativo\/"},"wordCount":1085,"publisher":{"@id":"https:\/\/www.whydontdo.it\/studiolegaledaneluzzi\/#organization"},"image":{"@id":"https:\/\/www.whydontdo.it\/studiolegaledaneluzzi\/diritto-amministrativo\/#primaryimage"},"thumbnailUrl":"https:\/\/www.whydontdo.it\/studiolegaledaneluzzi\/wp-content\/uploads\/sites\/7\/2022\/05\/Diritto-Amministrativo-Avvocato-Amministrativista-Studio-Legale-Daneluzzi.jpg","keywords":["amministrativista","avvocato amministrativista","contratto","diritto amministrativo","L.241\/1990","Normativa","permesso","permesso negato"],"articleSection":["Concorsi","Contratti e Rapporti","Convenzioni Associative","FAQ","Pubblica Amministrazione","Urbanistica e Appalti"],"inLanguage":"it-IT","accessibilityFeature":["tableOfContents"]},{"@type":"WebPage","@id":"https:\/\/www.whydontdo.it\/studiolegaledaneluzzi\/diritto-amministrativo\/","url":"https:\/\/www.whydontdo.it\/studiolegaledaneluzzi\/diritto-amministrativo\/","name":"Diritto Amministrativo, che legale scegliere? Studio Daneluzzi","isPartOf":{"@id":"https:\/\/www.whydontdo.it\/studiolegaledaneluzzi\/#website"},"primaryImageOfPage":{"@id":"https:\/\/www.whydontdo.it\/studiolegaledaneluzzi\/diritto-amministrativo\/#primaryimage"},"image":{"@id":"https:\/\/www.whydontdo.it\/studiolegaledaneluzzi\/diritto-amministrativo\/#primaryimage"},"thumbnailUrl":"https:\/\/www.whydontdo.it\/studiolegaledaneluzzi\/wp-content\/uploads\/sites\/7\/2022\/05\/Diritto-Amministrativo-Avvocato-Amministrativista-Studio-Legale-Daneluzzi.jpg","datePublished":"2023-06-09T08:27:13+00:00","dateModified":"2026-09-02T06:58:04+00:00","description":"Sai cos'\u00e8 il diritto amministrativo? E sai a quale professionista rivolgerti quando hai un problema con la Pubblica Amministrazione?","breadcrumb":{"@id":"https:\/\/www.whydontdo.it\/studiolegaledaneluzzi\/diritto-amministrativo\/#breadcrumb"},"inLanguage":"it-IT","potentialAction":[{"@type":"ReadAction","target":["https:\/\/www.whydontdo.it\/studiolegaledaneluzzi\/diritto-amministrativo\/"]}]},{"@type":"ImageObject","inLanguage":"it-IT","@id":"https:\/\/www.whydontdo.it\/studiolegaledaneluzzi\/diritto-amministrativo\/#primaryimage","url":"https:\/\/www.whydontdo.it\/studiolegaledaneluzzi\/wp-content\/uploads\/sites\/7\/2022\/05\/Diritto-Amministrativo-Avvocato-Amministrativista-Studio-Legale-Daneluzzi.jpg","contentUrl":"https:\/\/www.whydontdo.it\/studiolegaledaneluzzi\/wp-content\/uploads\/sites\/7\/2022\/05\/Diritto-Amministrativo-Avvocato-Amministrativista-Studio-Legale-Daneluzzi.jpg","width":1280,"height":720,"caption":"Diritto Amministrativo Avvocato Amministrativista Studio Legale Daneluzzi"},{"@type":"BreadcrumbList","@id":"https:\/\/www.whydontdo.it\/studiolegaledaneluzzi\/diritto-amministrativo\/#breadcrumb","itemListElement":[{"@type":"ListItem","position":1,"name":"Diritto Amministrativo (P.A.)","item":"https:\/\/www.whydontdo.it\/studiolegaledaneluzzi\/category\/pubblica-amministrazione\/"},{"@type":"ListItem","position":2,"name":"avvocato amministrativista"}]},{"@type":"WebSite","@id":"https:\/\/www.whydontdo.it\/studiolegaledaneluzzi\/#website","url":"https:\/\/www.whydontdo.it\/studiolegaledaneluzzi\/","name":"Studio Legale Daneluzzi","description":"Professionalit\u00e0 e Competenza dalla TUA parte","publisher":{"@id":"https:\/\/www.whydontdo.it\/studiolegaledaneluzzi\/#organization"},"alternateName":"Avv. Daneluzzi","potentialAction":[{"@type":"SearchAction","target":{"@type":"EntryPoint","urlTemplate":"https:\/\/www.whydontdo.it\/studiolegaledaneluzzi\/?s={search_term_string}"},"query-input":{"@type":"PropertyValueSpecification","valueRequired":true,"valueName":"search_term_string"}}],"inLanguage":"it-IT"},{"@type":"Organization","@id":"https:\/\/www.whydontdo.it\/studiolegaledaneluzzi\/#organization","name":"Studio Legale Daneluzzi","alternateName":"Avv. Daneluzzi","url":"https:\/\/www.whydontdo.it\/studiolegaledaneluzzi\/","logo":{"@type":"ImageObject","inLanguage":"it-IT","@id":"https:\/\/www.whydontdo.it\/studiolegaledaneluzzi\/#\/schema\/logo\/image\/","url":"https:\/\/www.whydontdo.it\/studiolegaledaneluzzi\/wp-content\/uploads\/sites\/7\/2021\/11\/src-logo.png","contentUrl":"https:\/\/www.whydontdo.it\/studiolegaledaneluzzi\/wp-content\/uploads\/sites\/7\/2021\/11\/src-logo.png","width":185,"height":185,"caption":"Studio Legale Daneluzzi"},"image":{"@id":"https:\/\/www.whydontdo.it\/studiolegaledaneluzzi\/#\/schema\/logo\/image\/"},"sameAs":["https:\/\/www.facebook.com\/studiolegaledaneluzzi","https:\/\/www.instagram.com\/studiolegaledaneluzzi","https:\/\/www.linkedin.com\/company\/studiolegaledaneluzzi\/"],"description":"Studio Legale con Avvocati Amministrativisti e del lavoro (giuslavoristi)","email":"info@studiolegaledaneluzzi.it","telephone":"+39 0422 491006","legalName":"Studio Legale Daneluzzi","foundingDate":"2004-01-01","numberOfEmployees":{"@type":"QuantitativeValue","minValue":"1","maxValue":"10"},"publishingPrinciples":"https:\/\/www.whydontdo.it\/studiolegaledaneluzzi\/privacy-gdpr-cookies\/","ownershipFundingInfo":"https:\/\/www.whydontdo.it\/studiolegaledaneluzzi\/privacy-gdpr-cookies\/","actionableFeedbackPolicy":"https:\/\/www.whydontdo.it\/studiolegaledaneluzzi\/privacy-gdpr-cookies\/","correctionsPolicy":"https:\/\/www.whydontdo.it\/studiolegaledaneluzzi\/privacy-gdpr-cookies\/","ethicsPolicy":"https:\/\/www.whydontdo.it\/studiolegaledaneluzzi\/privacy-gdpr-cookies\/"},{"@type":"Person","@id":"https:\/\/www.whydontdo.it\/studiolegaledaneluzzi\/#\/schema\/person\/1c79e582887e8ffc836645de47f4886c","name":"Avv. Chiara Daneluzzi","image":{"@type":"ImageObject","inLanguage":"it-IT","@id":"https:\/\/secure.gravatar.com\/avatar\/9b62efbedd9651dd7e69269564aa1773aaf74037f2be0fe3b45e41e4931fa911?s=96&d=mm&r=g","url":"https:\/\/secure.gravatar.com\/avatar\/9b62efbedd9651dd7e69269564aa1773aaf74037f2be0fe3b45e41e4931fa911?s=96&d=mm&r=g","contentUrl":"https:\/\/secure.gravatar.com\/avatar\/9b62efbedd9651dd7e69269564aa1773aaf74037f2be0fe3b45e41e4931fa911?s=96&d=mm&r=g","caption":"Avv. Chiara Daneluzzi"},"description":"Laureata in Giurisprudenza all'Universit\u00e0 di Trieste, l'Avv. Chiara Daneluzzi svolge la pratica forense dal 1999 occupandosi di diritto del lavoro, pubblico e privato, e di diritto amministrativo. \u00c8 membro del direttivo veneto dell\u2019Avvocati Giuslavoristi Italiani (AGI) e fa parte degli Avvocati Amministrativisti Veneti. Fonda lo Studio Legale Daneluzzi nel 2013, continuando ad occuparsi in maniera prevalente del diritto del lavoro e diritto amministrativo. Diventa Cassazionista nel 2016. \u00c8 referente legale del sindacato di polizia COISP Venezia e regionale, e del sindacato dei medici SNAMI Venezia. Opera a Venezia, Treviso e Pordenone.","sameAs":["https:\/\/www.studiolegaledaneluzzi.it","https:\/\/www.facebook.com\/studiolegaledaneluzzi","https:\/\/www.instagram.com\/studiolegaledaneluzzi\/","https:\/\/www.linkedin.com\/company\/studiolegaledaneluzzi"],"honorificPrefix":"Avv.","gender":"donna","knowsAbout":["diritto del lavoro","diritto amministrativo","cassazionista"],"knowsLanguage":["italiano","inglese"],"url":"https:\/\/www.whydontdo.it\/studiolegaledaneluzzi\/author\/chiarad\/"}]}},"jetpack_publicize_connections":[],"_links":{"self":[{"href":"https:\/\/www.whydontdo.it\/studiolegaledaneluzzi\/wp-json\/wp\/v2\/posts\/941","targetHints":{"allow":["GET"]}}],"collection":[{"href":"https:\/\/www.whydontdo.it\/studiolegaledaneluzzi\/wp-json\/wp\/v2\/posts"}],"about":[{"href":"https:\/\/www.whydontdo.it\/studiolegaledaneluzzi\/wp-json\/wp\/v2\/types\/post"}],"author":[{"embeddable":true,"href":"https:\/\/www.whydontdo.it\/studiolegaledaneluzzi\/wp-json\/wp\/v2\/users\/4"}],"replies":[{"embeddable":true,"href":"https:\/\/www.whydontdo.it\/studiolegaledaneluzzi\/wp-json\/wp\/v2\/comments?post=941"}],"version-history":[{"count":45,"href":"https:\/\/www.whydontdo.it\/studiolegaledaneluzzi\/wp-json\/wp\/v2\/posts\/941\/revisions"}],"predecessor-version":[{"id":10220,"href":"https:\/\/www.whydontdo.it\/studiolegaledaneluzzi\/wp-json\/wp\/v2\/posts\/941\/revisions\/10220"}],"wp:featuredmedia":[{"embeddable":true,"href":"https:\/\/www.whydontdo.it\/studiolegaledaneluzzi\/wp-json\/wp\/v2\/media\/1009"}],"wp:attachment":[{"href":"https:\/\/www.whydontdo.it\/studiolegaledaneluzzi\/wp-json\/wp\/v2\/media?parent=941"}],"wp:term":[{"taxonomy":"category","embeddable":true,"href":"https:\/\/www.whydontdo.it\/studiolegaledaneluzzi\/wp-json\/wp\/v2\/categories?post=941"},{"taxonomy":"post_tag","embeddable":true,"href":"https:\/\/www.whydontdo.it\/studiolegaledaneluzzi\/wp-json\/wp\/v2\/tags?post=941"},{"taxonomy":"series","embeddable":true,"href":"https:\/\/www.whydontdo.it\/studiolegaledaneluzzi\/wp-json\/wp\/v2\/series?post=941"}],"curies":[{"name":"wp","href":"https:\/\/api.w.org\/{rel}","templated":true}]}}